{"id":94564,"date":"2025-04-03T13:43:56","date_gmt":"2025-04-03T13:43:56","guid":{"rendered":"https:\/\/estado29.mx\/?p=94564"},"modified":"2025-04-03T13:43:56","modified_gmt":"2025-04-03T13:43:56","slug":"estudiantes-de-cecyte-emsad-representaran-a-tlaxcala-en-festival-academico-nacional-en-yucatan","status":"publish","type":"post","link":"https:\/\/estado29.mx\/?p=94564","title":{"rendered":"Estudiantes de CECYTE-EMSAD representar\u00e1n a Tlaxcala en festival acad\u00e9mico nacional en Yucat\u00e1n"},"content":{"rendered":"\n<p>*La instituci\u00f3n fomenta la excelencia educativa en la ense\u00f1anza y la formaci\u00f3n integral de los alumnos<\/p>\n\n\n\n<p>Por su excelencia acad\u00e9mica, 12 estudiantes del Colegio de Estudios Cient\u00edficos y Tecnol\u00f3gicos del Estado y dos m\u00e1s de los Centros de Educaci\u00f3n Media Superior a Distancia (CECyTE-EMSaD) representar\u00e1n a Tlaxcala en el Festival Acad\u00e9mico Nacional, que se celebra en Valladolid, Yucat\u00e1n, los d\u00edas 2, 3 y 4 de abril.<\/p>\n\n\n\n<p>En la ceremonia de abanderamiento, su director general, Blas Marvin Mora Olvera, enfatiz\u00f3 que Tlaxcala aporta a la transformaci\u00f3n educativa, y reafirma su compromiso de fomentar la excelencia en la ense\u00f1anza y la formaci\u00f3n integral de los alumnos.<\/p>\n\n\n\n<p>Mora Olvera sostuvo que \u201ceste logro destaca el compromiso y la labor conjunta de profesores, familias y autoridades para fortalecer una educaci\u00f3n en el estado\u201d.<\/p>\n\n\n\n<p>La estudiante Eva Jocelyn G\u00f3mez Carrasco, en representaci\u00f3n de la delegaci\u00f3n, afirm\u00f3 que \u201caprender no se trata solo de libros, tareas y ex\u00e1menes; aprender es crecer, es descubrir que somos capaces y demostrarlo en cada reto que se nos presente\u201d.<\/p>\n\n\n\n<p>Agreg\u00f3: \u201cHoy tenemos un reto enorme y emocionante: representar al subsistema CECyTE- EMSaD Tlaxcala a nivel nacional\u201d.<\/p>\n\n\n\n<p>El Festival Acad\u00e9mico Nacional de los CECyTEs, en su edici\u00f3n 2025, tiene como objetivo expresar lo aprendido a lo largo de su trayectoria acad\u00e9mica. Los alumnos que representar\u00e1n a Tlaxcala en el Nivel 1 son: H\u00e9ctor Santiago Rojas G\u00f3mez (plantel 15 Huactzinco), Brandon Teomitzi Manoatl (plantel 08 Apetatitl\u00e1n) y Yulene G\u00f3mez Hern\u00e1ndez (plantel 19 Totolac).<\/p>\n\n\n\n<p>Mientras, en el nivel II de Cuarto Semestre son:&nbsp; Yuritzi Xochitemo Gabino (plantel 05 Zacatelco), Eva Jocelyn G\u00f3mez Carrasco (plantel 07 Ahuashuatepec), Dayanni L\u00f3pez Vel\u00e1zquez (plantel 10 Yauhquemehcan y Sherly Ram\u00edrez Torres (plantel 05 Zacatelco).<\/p>\n\n\n\n<p>Por su parte, los j\u00f3venes de nivel III de Sexto Semestre son: Yael V\u00e1zquez Conde (plantel 08 Apetatitl\u00e1n), Xared David Ordo\u00f1ez Cano (plantel 08 Apetatitl\u00e1n), Alfonso Cocoletzi Flores (plantel 08 Apetatitl\u00e1n), Carolina Aidee Piedras V\u00e1zquez (plantel 07 Ahuashuatepec) y Ximena Ameyali P\u00e9rez Mu\u00f1oz (plantel 23 Texcalac).<\/p>\n\n\n\n<p>La delegaci\u00f3n tlaxcalteca conformada por 14 estudiantes abordar\u00e1 11 \u00e1reas de conocimiento: cultura digital, ciencias sociales, humanidades, pensamiento matem\u00e1tico, lenguaje y comunicaci\u00f3n, ecosistemas, c\u00e1lculo integral, f\u00edsica, ciencia tecnolog\u00eda, sociedad y din\u00e1micos, ciencia tecnolog\u00eda, sociedad y valores, temas de filosof\u00eda e ingl\u00e9s V, y la acompa\u00f1an tres asesores: Pamela Vega Cruz, del plantel 26 Tlachco; Aldo Zamudio Morales, del CECyTE 10 Yauhquemehcan, y Rebeca D\u00edaz G\u00f3mez, de EMSaD Pocitos.<\/p>\n","protected":false},"excerpt":{"rendered":"<p>*La instituci\u00f3n fomenta la excelencia educativa en la ense\u00f1anza y la formaci\u00f3n integral de los alumnos Por su excelencia acad\u00e9mica, 12 estudiantes del Colegio de Estudios Cient\u00edficos y Tecnol\u00f3gicos del Estado y dos m\u00e1s de los Centros de Educaci\u00f3n Media Superior a Distancia (CECyTE-EMSaD) representar\u00e1n a Tlaxcala en el Festival Acad\u00e9mico Nacional, que se celebra [&hellip;]<\/p>\n","protected":false},"author":4,"featured_media":94565,"comment_status":"open","ping_status":"open","sticky":false,"template":"","format":"standard","meta":{"om_disable_all_campaigns":false,"_monsterinsights_skip_tracking":false,"_monsterinsights_sitenote_active":false,"_monsterinsights_sitenote_note":"","_monsterinsights_sitenote_category":0,"jnews-multi-image_gallery":[],"jnews_single_post":[],"jnews_primary_category":[],"footnotes":""},"categories":[1],"tags":[],"class_list":["post-94564","post","type-post","status-publish","format-standard","has-post-thumbnail","hentry","category-uncategorized"],"aioseo_notices":[],"_links":{"self":[{"href":"https:\/\/estado29.mx\/index.php?rest_route=\/wp\/v2\/posts\/94564","targetHints":{"allow":["GET"]}}],"collection":[{"href":"https:\/\/estado29.mx\/index.php?rest_route=\/wp\/v2\/posts"}],"about":[{"href":"https:\/\/estado29.mx\/index.php?rest_route=\/wp\/v2\/types\/post"}],"author":[{"embeddable":true,"href":"https:\/\/estado29.mx\/index.php?rest_route=\/wp\/v2\/users\/4"}],"replies":[{"embeddable":true,"href":"https:\/\/estado29.mx\/index.php?rest_route=%2Fwp%2Fv2%2Fcomments&post=94564"}],"version-history":[{"count":2,"href":"https:\/\/estado29.mx\/index.php?rest_route=\/wp\/v2\/posts\/94564\/revisions"}],"predecessor-version":[{"id":94567,"href":"https:\/\/estado29.mx\/index.php?rest_route=\/wp\/v2\/posts\/94564\/revisions\/94567"}],"wp:featuredmedia":[{"embeddable":true,"href":"https:\/\/estado29.mx\/index.php?rest_route=\/wp\/v2\/media\/94565"}],"wp:attachment":[{"href":"https:\/\/estado29.mx\/index.php?rest_route=%2Fwp%2Fv2%2Fmedia&parent=94564"}],"wp:term":[{"taxonomy":"category","embeddable":true,"href":"https:\/\/estado29.mx\/index.php?rest_route=%2Fwp%2Fv2%2Fcategories&post=94564"},{"taxonomy":"post_tag","embeddable":true,"href":"https:\/\/estado29.mx\/index.php?rest_route=%2Fwp%2Fv2%2Ftags&post=94564"}],"curies":[{"name":"wp","href":"https:\/\/api.w.org\/{rel}","templated":true}]}}