{"id":94571,"date":"2025-04-04T02:33:18","date_gmt":"2025-04-04T02:33:18","guid":{"rendered":"https:\/\/estado29.mx\/?p=94571"},"modified":"2025-04-04T02:34:02","modified_gmt":"2025-04-04T02:34:02","slug":"familiares-de-abuelito-sin-vida-tras-atropellamiento-impiden-a-autoridades-levantamiento-de-cuerpo-en-atltzayanca","status":"publish","type":"post","link":"https:\/\/estado29.mx\/?p=94571","title":{"rendered":"Familiares de abuelito sin vida impiden a autoridades levantamiento de cuerpo en Atltzayanca."},"content":{"rendered":"\n<p>Paco Ugarte.<\/p>\n\n\n\n<p>Durante la ma\u00f1ana de este jueves, se registr\u00f3 un 4ccid3nt3, que a decir de testigos oculares una camioneta de tres toneladas -Desconociendo caracter\u00edsticas- atropell\u00f3 a un masculino quien caminaba sobre la carretera.<\/p>\n\n\n\n<p>Los hechos se registraron sobre la v\u00eda de comunicaci\u00f3n Atlzayanca &#8211; La Garita esta \u00faltima, comunidad del municipio antes mencionado.<\/p>\n\n\n\n<p>Derivado de este percance el abuelito de quien se desconocen generales perdi\u00f3 la vida al instante y aunque arribaron param\u00e9dicos a brindar la atenci\u00f3n correspondiente ya nada pudieron hacer.<\/p>\n\n\n\n<p>Cabe hacer menci\u00f3n que la zona fue acordonada en espera del Servicio M\u00e9dico Forense (SEMEFO) y la Procuradur\u00eda General de Justicia del Estado de Tlaxcala (FGJE) sin embargo, los familiares del hoy occiso impidieron realizar el levantamiento de cuerpo para someterlo a la necropsia que marca la ley.<\/p>\n\n\n\n<p>Ante varios intentos y con la finalidad de evitar alguna agresi\u00f3n hacia el personal de las dependencias, familiares dijeron habr\u00edan llegado a un acuerdo con quien posiblemente caus\u00f3 este hecho, por lo que ya no habr\u00eda m\u00e1s que realizar.<\/p>\n\n\n\n<p>El cuerpo fue trasladado a su domicilio por sus familiares para realizar cristiana sepulturas, sin embargo, autoridades no han emitido alg\u00fan posicionamiento de estos hechos.<\/p>\n\n\n\n<p>\ud83d\udcf8 Ilustrativa.<\/p>\n","protected":false},"excerpt":{"rendered":"<p>Paco Ugarte. Durante la ma\u00f1ana de este jueves, se registr\u00f3 un 4ccid3nt3, que a decir de testigos oculares una camioneta de tres toneladas -Desconociendo caracter\u00edsticas- atropell\u00f3 a un masculino quien caminaba sobre la carretera. Los hechos se registraron sobre la v\u00eda de comunicaci\u00f3n Atlzayanca &#8211; La Garita esta \u00faltima, comunidad del municipio antes mencionado. Derivado [&hellip;]<\/p>\n","protected":false},"author":5,"featured_media":94572,"comment_status":"open","ping_status":"open","sticky":false,"template":"","format":"standard","meta":{"om_disable_all_campaigns":false,"_monsterinsights_skip_tracking":false,"_monsterinsights_sitenote_active":false,"_monsterinsights_sitenote_note":"","_monsterinsights_sitenote_category":0,"jnews-multi-image_gallery":[],"jnews_single_post":{"format":"standard"},"jnews_primary_category":[],"footnotes":""},"categories":[1],"tags":[],"class_list":["post-94571","post","type-post","status-publish","format-standard","has-post-thumbnail","hentry","category-uncategorized"],"aioseo_notices":[],"_links":{"self":[{"href":"https:\/\/estado29.mx\/index.php?rest_route=\/wp\/v2\/posts\/94571","targetHints":{"allow":["GET"]}}],"collection":[{"href":"https:\/\/estado29.mx\/index.php?rest_route=\/wp\/v2\/posts"}],"about":[{"href":"https:\/\/estado29.mx\/index.php?rest_route=\/wp\/v2\/types\/post"}],"author":[{"embeddable":true,"href":"https:\/\/estado29.mx\/index.php?rest_route=\/wp\/v2\/users\/5"}],"replies":[{"embeddable":true,"href":"https:\/\/estado29.mx\/index.php?rest_route=%2Fwp%2Fv2%2Fcomments&post=94571"}],"version-history":[{"count":2,"href":"https:\/\/estado29.mx\/index.php?rest_route=\/wp\/v2\/posts\/94571\/revisions"}],"predecessor-version":[{"id":94574,"href":"https:\/\/estado29.mx\/index.php?rest_route=\/wp\/v2\/posts\/94571\/revisions\/94574"}],"wp:featuredmedia":[{"embeddable":true,"href":"https:\/\/estado29.mx\/index.php?rest_route=\/wp\/v2\/media\/94572"}],"wp:attachment":[{"href":"https:\/\/estado29.mx\/index.php?rest_route=%2Fwp%2Fv2%2Fmedia&parent=94571"}],"wp:term":[{"taxonomy":"category","embeddable":true,"href":"https:\/\/estado29.mx\/index.php?rest_route=%2Fwp%2Fv2%2Fcategories&post=94571"},{"taxonomy":"post_tag","embeddable":true,"href":"https:\/\/estado29.mx\/index.php?rest_route=%2Fwp%2Fv2%2Ftags&post=94571"}],"curies":[{"name":"wp","href":"https:\/\/api.w.org\/{rel}","templated":true}]}}