{"id":94589,"date":"2025-04-05T20:59:21","date_gmt":"2025-04-05T20:59:21","guid":{"rendered":"https:\/\/estado29.mx\/?p=94589"},"modified":"2025-04-05T20:59:21","modified_gmt":"2025-04-05T20:59:21","slug":"cientos-de-tlaxcaltecas-se-suman-en-la-defensa-de-la-tauromaquia","status":"publish","type":"post","link":"https:\/\/estado29.mx\/?p=94589","title":{"rendered":"Cientos de tlaxcaltecas se suman en la defensa de la tauromaquia.\u00a0"},"content":{"rendered":"\n<p>Paco Ugarte<\/p>\n\n\n\n<p>Esta d\u00eda, cuentos de personas, se dieron cita en el parque Cuauht\u00e9moc para dar comienzo a la caminata \u201cPor nuestras culturas y tradiciones\u201d en defensa de las actividades taurinas en la entidad.&nbsp;<\/p>\n\n\n\n<p>La caminata que dio recorri\u00f3 el bulevar 16 de septiembre hasta la plaza de toros Rodolfo Rodr\u00edguez \u201cEl Pana\u201d reuni\u00f3 a cientos de personas, representantes de elecci\u00f3n popular, ganaderos, toreros, empresarios y aficionados en defensa de la tauromaquia.&nbsp;<\/p>\n\n\n\n<p>Con el grito \u00a1Viva la fiesta brava! \u00a1Tlaxcala es y ser\u00e1 taurina! Es que los asistentes de todas las edades, defendieron esta actividad que data de hace m\u00e1s de 500 a\u00f1os, no solo en la modificaci\u00f3n de las corridas de toros sino en la extinci\u00f3n de las mismas como el caso de Michoac\u00e1n.&nbsp;&nbsp;<\/p>\n\n\n\n<p>La avenida 16 de septiembre se visti\u00f3 de blanco, sombreros y m\u00fasica a ritmo de paso doble, apoyados de consignas para defender la Tauromaquia, patrimonio cultural inmaterial del pueblo de Tlaxcala.&nbsp;<\/p>\n\n\n\n<p>Entre las ganader\u00edas que participaron es &#8220;Rancho Seco&#8221;, &#8220;La Gasca&#8221;, &#8220;Lorenzo Rivera&#8221; y &#8220;La Joya&#8221;, as\u00ed como matadores de toros como Sergio Flores, Gerardo S\u00e1nchez, Jos\u00e9 Mar\u00eda Mac\u00edas y Gerardo Rivera y Uriel Moreno &#8220;El Zapata&#8221;.<\/p>\n\n\n\n<p>Tambi\u00e9n participaron en esta caminata las diputadas Sandra Aguilar Vega y Miriam Mart\u00ednez S\u00e1nchez quienes dijeron defender\u00e1n la fiesta brava desde el Congreso del Estado, porque as\u00ed como hay actividades que se defienden, la tauromaquia en Tlaxcala no ser\u00e1 la excepci\u00f3n.&nbsp;<\/p>\n\n\n\n<p>La caminata concluy\u00f3 con un festival taurino en la plaza de toros Rodolfo Rodr\u00edguez \u201cEl Pana\u201d y fue acompa\u00f1a con una banda que enton\u00f3 pasos dobles.&nbsp;<\/p>\n","protected":false},"excerpt":{"rendered":"<p>Paco Ugarte Esta d\u00eda, cuentos de personas, se dieron cita en el parque Cuauht\u00e9moc para dar comienzo a la caminata \u201cPor nuestras culturas y tradiciones\u201d en defensa de las actividades taurinas en la entidad.&nbsp; La caminata que dio recorri\u00f3 el bulevar 16 de septiembre hasta la plaza de toros Rodolfo Rodr\u00edguez \u201cEl Pana\u201d reuni\u00f3 a [&hellip;]<\/p>\n","protected":false},"author":5,"featured_media":94590,"comment_status":"open","ping_status":"open","sticky":false,"template":"","format":"standard","meta":{"om_disable_all_campaigns":false,"_monsterinsights_skip_tracking":false,"_monsterinsights_sitenote_active":false,"_monsterinsights_sitenote_note":"","_monsterinsights_sitenote_category":0,"jnews-multi-image_gallery":[],"jnews_single_post":[],"jnews_primary_category":[],"footnotes":""},"categories":[1],"tags":[],"class_list":["post-94589","post","type-post","status-publish","format-standard","has-post-thumbnail","hentry","category-uncategorized"],"aioseo_notices":[],"_links":{"self":[{"href":"https:\/\/estado29.mx\/index.php?rest_route=\/wp\/v2\/posts\/94589","targetHints":{"allow":["GET"]}}],"collection":[{"href":"https:\/\/estado29.mx\/index.php?rest_route=\/wp\/v2\/posts"}],"about":[{"href":"https:\/\/estado29.mx\/index.php?rest_route=\/wp\/v2\/types\/post"}],"author":[{"embeddable":true,"href":"https:\/\/estado29.mx\/index.php?rest_route=\/wp\/v2\/users\/5"}],"replies":[{"embeddable":true,"href":"https:\/\/estado29.mx\/index.php?rest_route=%2Fwp%2Fv2%2Fcomments&post=94589"}],"version-history":[{"count":1,"href":"https:\/\/estado29.mx\/index.php?rest_route=\/wp\/v2\/posts\/94589\/revisions"}],"predecessor-version":[{"id":94591,"href":"https:\/\/estado29.mx\/index.php?rest_route=\/wp\/v2\/posts\/94589\/revisions\/94591"}],"wp:featuredmedia":[{"embeddable":true,"href":"https:\/\/estado29.mx\/index.php?rest_route=\/wp\/v2\/media\/94590"}],"wp:attachment":[{"href":"https:\/\/estado29.mx\/index.php?rest_route=%2Fwp%2Fv2%2Fmedia&parent=94589"}],"wp:term":[{"taxonomy":"category","embeddable":true,"href":"https:\/\/estado29.mx\/index.php?rest_route=%2Fwp%2Fv2%2Fcategories&post=94589"},{"taxonomy":"post_tag","embeddable":true,"href":"https:\/\/estado29.mx\/index.php?rest_route=%2Fwp%2Fv2%2Ftags&post=94589"}],"curies":[{"name":"wp","href":"https:\/\/api.w.org\/{rel}","templated":true}]}}