{"id":94596,"date":"2025-04-07T13:24:38","date_gmt":"2025-04-07T13:24:38","guid":{"rendered":"https:\/\/estado29.mx\/?p=94596"},"modified":"2025-04-07T13:24:52","modified_gmt":"2025-04-07T13:24:52","slug":"exhibe-espacio-cultural-de-la-ccom-la-exposicion-bitacora-premonicion","status":"publish","type":"post","link":"https:\/\/estado29.mx\/?p=94596","title":{"rendered":"Exhibe espacio cultural de la CCOM la exposici\u00f3n &#8220;bit\u00e1cora premonici\u00f3n&#8221;"},"content":{"rendered":"\n<p><\/p>\n\n\n\n<p>*La muestra colaborativa representa la creatividad en el mundo de la moda a nivel nacional e internacional<\/p>\n\n\n\n<p>El gobierno del estado, a trav\u00e9s de la Coordinaci\u00f3n de Comunicaci\u00f3n (CCOM), exhibe la exposici\u00f3n colaborativa de los artistas y dise\u00f1adores Alan Varela, Andr\u00e9s Caballero Macuil y Erick Ram\u00edrez S\u00e1nchez, titulada &#8220;Bit\u00e1cora Premonici\u00f3n&#8221;.<\/p>\n\n\n\n<p>Erick Ram\u00edrez S\u00e1nchez creador de EZ|Firma de arte, agradeci\u00f3 la apertura de Espacio Cultural de la CCOM para la difusi\u00f3n de sus piezas, \u201cEntonces, estamos muy contentos como agencia y como amigos de ver crecer este proyecto\u201d, indic\u00f3.<\/p>\n\n\n\n<p>La colecci\u00f3n \u00fanica de arte, moda y joyer\u00eda se integra por 15 piezas. \u201cPremonici\u00f3n es una colaboraci\u00f3n que conjunta COMUNMX como agencia creativa donde la agencia se encarga de encaminar y guiar a los creativos y en esta ocasi\u00f3n con Erick se est\u00e1 haciendo de esta manera\u201d, explic\u00f3 el creador de moda Alan Varela.<\/p>\n\n\n\n<p>En la exposici\u00f3n los asistentes apreciar\u00e1n vestidos de la marca Alan Varela M\u00e9xico, &#8220;aparte tenemos un stock de piezas que son comerciales, y obviamente, desde mi marca estamos disponibles al dise\u00f1o y a la moda. Y pues justamente los vestidos blancos son este escaparate de lo que como marca hacemos, que es alta costura y hecha sobremedida\u201d, mencion\u00f3.<\/p>\n\n\n\n<p>En el auditorio de la CCOM, en representaci\u00f3n del coordinador de Comunicaci\u00f3n, Octavio Ortega Velio Mej\u00eda, el director de marketing, Ulises Hern\u00e1ndez Carro, dio la bienvenida a los artistas y destac\u00f3 sus trayectorias.<\/p>\n\n\n\n<p>\u201cPromotores de la creatividad en el mundo de la moda a nivel nacional e internacional. Andr\u00e9s Caballero radica en la ciudad de Mil\u00e1n, Italia. Es director creativo de las marcas \u201cSan Andr\u00e9s Milano\u201d y \u201cLenoci\u201d, ambas firmas realizadas bajo los est\u00e1ndares de \u201cMade in Italy\u201d. Con m\u00e1s de 20 a\u00f1os de trayectoria, su trabajo ha sido presentado en diferentes pa\u00edses como Jap\u00f3n, China, Corea, Kuwait, Dubai, Rusia, Francia, Turqu\u00eda, M\u00e9xico e Italia\u201d, subray\u00f3.&nbsp;<\/p>\n\n\n\n<p>Respecto a Alan Varela, refiri\u00f3 que es director de su marca hom\u00f3nima \u201cAlan Varela M\u00e9xico\u201d. \u201c\u00c9l realiza estad\u00edas para la marca \u201cSan Andr\u00e9s Milano\u201d en la ciudad de Mil\u00e1n, Italia, y con su firma ha logrado presentarse en diversas muestras en todo el pa\u00eds\u201d.<\/p>\n\n\n\n<p>En cuanto a Erick, resalt\u00f3 que, \u201ces un artista polifac\u00e9tico que una vez egresado de la universidad no solo se limit\u00f3 en hacer obras arquitect\u00f3nicas, sino que busc\u00f3 su aut\u00e9ntico yo y cumpli\u00f3 su sue\u00f1o de dise\u00f1ador, creador y artista\u201d.&nbsp;<\/p>\n\n\n\n<p>La exposici\u00f3n estar\u00e1 exhibida a partir de 4 de abril y hasta el pr\u00f3ximo 2 de mayo en el Espacio Cultural de la CCOM, en Av. Ju\u00e1rez No. 16, Col. Centro, Tlaxcala, en un horario de 9:00 horas a 17:00 horas con entrada libre.<\/p>\n","protected":false},"excerpt":{"rendered":"<p>*La muestra colaborativa representa la creatividad en el mundo de la moda a nivel nacional e internacional El gobierno del estado, a trav\u00e9s de la Coordinaci\u00f3n de Comunicaci\u00f3n (CCOM), exhibe la exposici\u00f3n colaborativa de los artistas y dise\u00f1adores Alan Varela, Andr\u00e9s Caballero Macuil y Erick Ram\u00edrez S\u00e1nchez, titulada &#8220;Bit\u00e1cora Premonici\u00f3n&#8221;. Erick Ram\u00edrez S\u00e1nchez creador de [&hellip;]<\/p>\n","protected":false},"author":4,"featured_media":94597,"comment_status":"open","ping_status":"open","sticky":false,"template":"","format":"standard","meta":{"om_disable_all_campaigns":false,"_monsterinsights_skip_tracking":false,"_monsterinsights_sitenote_active":false,"_monsterinsights_sitenote_note":"","_monsterinsights_sitenote_category":0,"jnews-multi-image_gallery":[],"jnews_single_post":[],"jnews_primary_category":[],"footnotes":""},"categories":[1],"tags":[],"class_list":["post-94596","post","type-post","status-publish","format-standard","has-post-thumbnail","hentry","category-uncategorized"],"aioseo_notices":[],"_links":{"self":[{"href":"https:\/\/estado29.mx\/index.php?rest_route=\/wp\/v2\/posts\/94596","targetHints":{"allow":["GET"]}}],"collection":[{"href":"https:\/\/estado29.mx\/index.php?rest_route=\/wp\/v2\/posts"}],"about":[{"href":"https:\/\/estado29.mx\/index.php?rest_route=\/wp\/v2\/types\/post"}],"author":[{"embeddable":true,"href":"https:\/\/estado29.mx\/index.php?rest_route=\/wp\/v2\/users\/4"}],"replies":[{"embeddable":true,"href":"https:\/\/estado29.mx\/index.php?rest_route=%2Fwp%2Fv2%2Fcomments&post=94596"}],"version-history":[{"count":2,"href":"https:\/\/estado29.mx\/index.php?rest_route=\/wp\/v2\/posts\/94596\/revisions"}],"predecessor-version":[{"id":94599,"href":"https:\/\/estado29.mx\/index.php?rest_route=\/wp\/v2\/posts\/94596\/revisions\/94599"}],"wp:featuredmedia":[{"embeddable":true,"href":"https:\/\/estado29.mx\/index.php?rest_route=\/wp\/v2\/media\/94597"}],"wp:attachment":[{"href":"https:\/\/estado29.mx\/index.php?rest_route=%2Fwp%2Fv2%2Fmedia&parent=94596"}],"wp:term":[{"taxonomy":"category","embeddable":true,"href":"https:\/\/estado29.mx\/index.php?rest_route=%2Fwp%2Fv2%2Fcategories&post=94596"},{"taxonomy":"post_tag","embeddable":true,"href":"https:\/\/estado29.mx\/index.php?rest_route=%2Fwp%2Fv2%2Ftags&post=94596"}],"curies":[{"name":"wp","href":"https:\/\/api.w.org\/{rel}","templated":true}]}}