{"id":94600,"date":"2025-04-07T13:29:19","date_gmt":"2025-04-07T13:29:19","guid":{"rendered":"https:\/\/estado29.mx\/?p=94600"},"modified":"2025-04-07T13:29:19","modified_gmt":"2025-04-07T13:29:19","slug":"presenta-sc-conversatorio-sobre-los-retos-en-la-salvaguardia-de-los-procesos-artesanales-de-la-talavera","status":"publish","type":"post","link":"https:\/\/estado29.mx\/?p=94600","title":{"rendered":"Presenta SC conversatorio sobre los retos en la salvaguardia de los procesos artesanales de la talavera"},"content":{"rendered":"\n<p><\/p>\n\n\n\n<p>Como parte de la exposici\u00f3n temporal Cruce de Saberes: Talavera, Patrimonio de San Pablo del Monte, se realiz\u00f3 el conversatorio \u201cRetos en la Salvaguardia de los Procesos Artesanales de la Talavera en Puebla y Tlaxcala\u201d.<\/p>\n\n\n\n<p>El evento cont\u00f3 con la presencia de autoridades culturales de los estados de Tlaxcala y Puebla, entre ellas Karen Villeda, secretaria de Cultura de Tlaxcala; Edaly Quiroz Moreno, subdirectora de patrimonio cultural inmaterial del INAH; Mar\u00eda del Carmen Ruiz Hern\u00e1ndez; y Luz Magaly Cruces Arteaga, directora de Patrimonio Cultural.<\/p>\n\n\n\n<p>Tambi\u00e9n participaron \u00c1ngel Ju\u00e1rez Diego y Emmanuel Tepal Calvario, coordinadores del Plan de Salvaguardia del Proceso Artesanal de la Talavera; Ana Luc\u00eda Arce Luna, presidenta municipal de San Pablo del Monte, as\u00ed como integrantes del Comit\u00e9 Comunitario para la Salvaguardia, encabezado por Ferm\u00edn Contreras Capilla.<\/p>\n\n\n\n<p>Durante su intervenci\u00f3n, Karen Villeda destac\u00f3: \u201c Este conversatorio representa una acci\u00f3n concreta dentro del plan de salvaguardia que hemos desarrollado con y para la comunidad portadora. El plan ya est\u00e1 listo en su versi\u00f3n digital y pronto se imprimir\u00e1 un ejemplar f\u00edsico; es un instrumento que fortalece los procesos artesanales y la identidad cultural del pueblo de San Pablo del Monte\u201d.<\/p>\n\n\n\n<p>Se\u00f1al\u00f3 que \u201cla Talavera no es solo una t\u00e9cnica: es una forma de entender la vida, de transmitir conocimientos de generaci\u00f3n en generaci\u00f3n. Desde la Secretar\u00eda de Cultura de Tlaxcala, seguiremos acompa\u00f1ando a las y los portadores en la defensa de su patrimonio, en un trabajo que se construye desde el respeto, la escucha y el reconocimiento.\u201d<\/p>\n\n\n\n<p>En su oportunidad, Ferm\u00edn Contreras Capilla, presidente del comit\u00e9 comunitario, subray\u00f3: \u201cEstamos construyendo no solo un documento de gesti\u00f3n, sino una herramienta viva que permita a m\u00e1s artesanas y artesanos conocer y proteger los saberes que heredamos. Esta es una oportunidad para que la comunidad sea la verdadera protagonista del patrimonio que resguarda.\u201d.<\/p>\n\n\n\n<p>Dijo que \u201ccon este plan, nos estamos organizando mejor, reconociendo nuestras fortalezas y tambi\u00e9n los riesgos que enfrentamos. Que el legado de nuestras abuelas y abuelos no se pierda depende de que nos escuchen, de que se tomen decisiones con base en nuestras voces y de que las pol\u00edticas p\u00fablicas est\u00e9n verdaderamente ancladas en las comunidades.\u201d<\/p>\n\n\n\n<p>Este encuentro tambi\u00e9n permitir\u00e1 conocer el avance del plan de salvaguardia de Puebla, de modo que ambas entidades puedan coordinar esfuerzos hacia la entrega de un \u00fanico plan nacional ante la UNESCO en 2026.<\/p>\n\n\n\n<p>Cabe recordar que, aunque cada comunidad elabora su propuesta, M\u00e9xico debe presentar un solo documento unificado. La inscripci\u00f3n de la Talavera como Patrimonio Cultural Inmaterial se comparte con Espa\u00f1a, por lo que este trabajo colaborativo tambi\u00e9n se enmarca en un contexto internacional.<\/p>\n\n\n\n<p>Este plan, elaborado desde 2023, representa una hoja de ruta con objetivos y metas claras para salvaguardar y mantener viva esta manifestaci\u00f3n cultural, asimismo el conversatorio tiene como objetivo abordar estrategias conjuntas entre dependencias estatales, federales y municipales reafirmando el compromiso de emitir pr\u00f3ximamente un decreto para la creaci\u00f3n de un comit\u00e9 institucional.<\/p>\n","protected":false},"excerpt":{"rendered":"<p>Como parte de la exposici\u00f3n temporal Cruce de Saberes: Talavera, Patrimonio de San Pablo del Monte, se realiz\u00f3 el conversatorio \u201cRetos en la Salvaguardia de los Procesos Artesanales de la Talavera en Puebla y Tlaxcala\u201d. El evento cont\u00f3 con la presencia de autoridades culturales de los estados de Tlaxcala y Puebla, entre ellas Karen Villeda, [&hellip;]<\/p>\n","protected":false},"author":4,"featured_media":94601,"comment_status":"open","ping_status":"open","sticky":false,"template":"","format":"standard","meta":{"om_disable_all_campaigns":false,"_monsterinsights_skip_tracking":false,"_monsterinsights_sitenote_active":false,"_monsterinsights_sitenote_note":"","_monsterinsights_sitenote_category":0,"jnews-multi-image_gallery":[],"jnews_single_post":[],"jnews_primary_category":[],"footnotes":""},"categories":[1],"tags":[],"class_list":["post-94600","post","type-post","status-publish","format-standard","has-post-thumbnail","hentry","category-uncategorized"],"aioseo_notices":[],"_links":{"self":[{"href":"https:\/\/estado29.mx\/index.php?rest_route=\/wp\/v2\/posts\/94600","targetHints":{"allow":["GET"]}}],"collection":[{"href":"https:\/\/estado29.mx\/index.php?rest_route=\/wp\/v2\/posts"}],"about":[{"href":"https:\/\/estado29.mx\/index.php?rest_route=\/wp\/v2\/types\/post"}],"author":[{"embeddable":true,"href":"https:\/\/estado29.mx\/index.php?rest_route=\/wp\/v2\/users\/4"}],"replies":[{"embeddable":true,"href":"https:\/\/estado29.mx\/index.php?rest_route=%2Fwp%2Fv2%2Fcomments&post=94600"}],"version-history":[{"count":2,"href":"https:\/\/estado29.mx\/index.php?rest_route=\/wp\/v2\/posts\/94600\/revisions"}],"predecessor-version":[{"id":94603,"href":"https:\/\/estado29.mx\/index.php?rest_route=\/wp\/v2\/posts\/94600\/revisions\/94603"}],"wp:featuredmedia":[{"embeddable":true,"href":"https:\/\/estado29.mx\/index.php?rest_route=\/wp\/v2\/media\/94601"}],"wp:attachment":[{"href":"https:\/\/estado29.mx\/index.php?rest_route=%2Fwp%2Fv2%2Fmedia&parent=94600"}],"wp:term":[{"taxonomy":"category","embeddable":true,"href":"https:\/\/estado29.mx\/index.php?rest_route=%2Fwp%2Fv2%2Fcategories&post=94600"},{"taxonomy":"post_tag","embeddable":true,"href":"https:\/\/estado29.mx\/index.php?rest_route=%2Fwp%2Fv2%2Ftags&post=94600"}],"curies":[{"name":"wp","href":"https:\/\/api.w.org\/{rel}","templated":true}]}}