{"id":94604,"date":"2025-04-07T13:35:49","date_gmt":"2025-04-07T13:35:49","guid":{"rendered":"https:\/\/estado29.mx\/?p=94604"},"modified":"2025-04-07T13:35:49","modified_gmt":"2025-04-07T13:35:49","slug":"tlaxcala-participa-en-la-clase-nacional-de-box","status":"publish","type":"post","link":"https:\/\/estado29.mx\/?p=94604","title":{"rendered":"Tlaxcala participa en la clase nacional de box"},"content":{"rendered":"\n<p><\/p>\n\n\n\n<p>*Deportistas, clubes, instituciones, j\u00f3venes y familias acudieron a la cita en la Ciudad del Deporte<\/p>\n\n\n\n<p>Con la participaci\u00f3n de casi 4 mil tlaxcaltecas, este domingo el estado se sum\u00f3 a la Clase Nacional \u201cBoxeando&nbsp; por la Paz\u201d, convocada por la presidenta Claudia Sheinbaum Pardo, que se realiz\u00f3 de manera simult\u00e1nea en todos&nbsp; los estados del pa\u00eds.<\/p>\n\n\n\n<p>Desde la pista de atletismo \u201cUna Nueva Historia\u201d de la Ciudad Deportiva de Alto Rendimiento, ubicada en Apizaco, en representaci\u00f3n de la gobernadora Lorena&nbsp; Cu\u00e9llar Cisneros, el titular de la Secretar\u00eda de Educaci\u00f3n P\u00fablica del Estado (SEPE) Homero Meneses Hern\u00e1ndez, destac\u00f3 la actividad realizada en el marco del D\u00eda Internacional del Deporte para el Desarrollo y la Paz.<\/p>\n\n\n\n<p>\u201cAqu\u00ed estamos en esta majestuosa Ciudad del Deporte, donde hemos recibido deporte internacional y mundial que la gobernadora Lorena Cu\u00e9llar Cisneros ha promovido\u201d.<\/p>\n\n\n\n<p>En Tlaxcala, acompa\u00f1\u00f3 esta jornada deportiva, adem\u00e1s del secretario de&nbsp; Educaci\u00f3n, el director del Instituto del Deporte del Estado de Tlaxcala (IDET), Daniel Moncayo Cervantes; el presidente&nbsp; de Apizaco, Javier Rivera Bonilla y como invitado especial Miguel \u00c1ngel \u201cEl Mago\u201d Gonz\u00e1lez, boxeador tlaxcalteca.<\/p>\n\n\n\n<p>Tambi\u00e9n estuvieron en la clase deportistas, clubes, entrenadores, instituciones educativas p\u00fablicas y privadas, as\u00ed como familias.<\/p>\n\n\n\n<p>Adem\u00e1s, se cumpli\u00f3 el objetivo de&nbsp; impulsar a los participantes en actividades f\u00edsicas y su integraci\u00f3n al pugilismo.<\/p>\n","protected":false},"excerpt":{"rendered":"<p>*Deportistas, clubes, instituciones, j\u00f3venes y familias acudieron a la cita en la Ciudad del Deporte Con la participaci\u00f3n de casi 4 mil tlaxcaltecas, este domingo el estado se sum\u00f3 a la Clase Nacional \u201cBoxeando&nbsp; por la Paz\u201d, convocada por la presidenta Claudia Sheinbaum Pardo, que se realiz\u00f3 de manera simult\u00e1nea en todos&nbsp; los estados del [&hellip;]<\/p>\n","protected":false},"author":4,"featured_media":94605,"comment_status":"open","ping_status":"open","sticky":false,"template":"","format":"standard","meta":{"om_disable_all_campaigns":false,"_monsterinsights_skip_tracking":false,"_monsterinsights_sitenote_active":false,"_monsterinsights_sitenote_note":"","_monsterinsights_sitenote_category":0,"jnews-multi-image_gallery":[],"jnews_single_post":[],"jnews_primary_category":[],"footnotes":""},"categories":[1],"tags":[],"class_list":["post-94604","post","type-post","status-publish","format-standard","has-post-thumbnail","hentry","category-uncategorized"],"aioseo_notices":[],"_links":{"self":[{"href":"https:\/\/estado29.mx\/index.php?rest_route=\/wp\/v2\/posts\/94604","targetHints":{"allow":["GET"]}}],"collection":[{"href":"https:\/\/estado29.mx\/index.php?rest_route=\/wp\/v2\/posts"}],"about":[{"href":"https:\/\/estado29.mx\/index.php?rest_route=\/wp\/v2\/types\/post"}],"author":[{"embeddable":true,"href":"https:\/\/estado29.mx\/index.php?rest_route=\/wp\/v2\/users\/4"}],"replies":[{"embeddable":true,"href":"https:\/\/estado29.mx\/index.php?rest_route=%2Fwp%2Fv2%2Fcomments&post=94604"}],"version-history":[{"count":2,"href":"https:\/\/estado29.mx\/index.php?rest_route=\/wp\/v2\/posts\/94604\/revisions"}],"predecessor-version":[{"id":94607,"href":"https:\/\/estado29.mx\/index.php?rest_route=\/wp\/v2\/posts\/94604\/revisions\/94607"}],"wp:featuredmedia":[{"embeddable":true,"href":"https:\/\/estado29.mx\/index.php?rest_route=\/wp\/v2\/media\/94605"}],"wp:attachment":[{"href":"https:\/\/estado29.mx\/index.php?rest_route=%2Fwp%2Fv2%2Fmedia&parent=94604"}],"wp:term":[{"taxonomy":"category","embeddable":true,"href":"https:\/\/estado29.mx\/index.php?rest_route=%2Fwp%2Fv2%2Fcategories&post=94604"},{"taxonomy":"post_tag","embeddable":true,"href":"https:\/\/estado29.mx\/index.php?rest_route=%2Fwp%2Fv2%2Ftags&post=94604"}],"curies":[{"name":"wp","href":"https:\/\/api.w.org\/{rel}","templated":true}]}}