{"id":94608,"date":"2025-04-07T13:38:23","date_gmt":"2025-04-07T13:38:23","guid":{"rendered":"https:\/\/estado29.mx\/?p=94608"},"modified":"2025-04-07T13:38:23","modified_gmt":"2025-04-07T13:38:23","slug":"icatlax-fortalece-alianzas-interestatales-en-la-reunion-nacional-icat-yucatan-2025","status":"publish","type":"post","link":"https:\/\/estado29.mx\/?p=94608","title":{"rendered":"ICATLAX fortalece alianzas interestatales en la reuni\u00f3n nacional ICAT Yucat\u00e1n 2025"},"content":{"rendered":"\n<p><\/p>\n\n\n\n<p>\u2022Firman convenio de colaboraci\u00f3n en materia de preservaci\u00f3n e impulso a las comunidades que representan la diversidad cultural de M\u00e9xico<\/p>\n\n\n\n<p>En el marco de la Reuni\u00f3n Nacional de Institutos de Capacitaci\u00f3n (ICAT) para el Trabajo, celebrada del 2 al 4 de abril en la ciudad de M\u00e9rida, Yucat\u00e1n, el Instituto de Capacitaci\u00f3n para el Trabajo del Estado de Tlaxcala (Icatlax) particip\u00f3 activamente en los trabajos colaborativos que buscan fortalecer la formaci\u00f3n para y en el trabajo en todo el pa\u00eds.<\/p>\n\n\n\n<p>Durante este encuentro nacional, se llev\u00f3 a cabo la firma de un convenio de colaboraci\u00f3n entre el Icatlax, el Instituto de Capacitaci\u00f3n para el Trabajo del Estado de Hidalgo (ICATHI) y el Instituto de Capacitaci\u00f3n y Adiestramiento para el Trabajo Industrial del Estado de M\u00e9xico (ICATI), a fin de establecer acciones conjuntas en materia de preservaci\u00f3n e impulso a las comunidades que representan la diversidad cultural de M\u00e9xico.<\/p>\n\n\n\n<p>Juan Javier Potrero Tizamitl, director general del Icatlax; Jorge Acosta Ben\u00edtez, director general del ICATHI, y Zen\u00f3n Vargas Mart\u00ednez, director del ICATI, firmaron este convenio.<\/p>\n\n\n\n<p>Como testigos de honor estuvieron presentes Miguel \u00c1ngel Abad\u00eda Pardo, coordinador general de Organismos Descentralizados Estatales de la Direcci\u00f3n General de Centros de Formaci\u00f3n para el Trabajo (DGCFT), y Edith Guadalupe Trujeque Jim\u00e9nez, directora general del Instituto de Capacitaci\u00f3n para el Trabajo del Estado de Yucat\u00e1n (ICATEY).<\/p>\n\n\n\n<p>Este acuerdo interinstitucional se enmarca en los esfuerzos por consolidar una estrategia nacional que fomente la profesionalizaci\u00f3n, el intercambio de buenas pr\u00e1cticas y la generaci\u00f3n de programas de capacitaci\u00f3n pertinentes para las necesidades productivas y culturales de las regiones.<\/p>\n\n\n\n<p>Juan Javier Potrero subray\u00f3 la relevancia de esta alianza estrat\u00e9gica, reconociendo el respaldo constante de la gobernadora Lorena Cu\u00e9llar Cisneros, cuyo compromiso es decisivo para fortalecer la capacitaci\u00f3n como una herramienta clave para el desarrollo.<\/p>\n\n\n\n<p>Asimismo, expres\u00f3 su reconocimiento a la presidenta de M\u00e9xico, Claudia Sheinbaum Pardo, por su visi\u00f3n transformadora al colocar la formaci\u00f3n para el trabajo como un eje central de las pol\u00edticas p\u00fablicas orientadas al bienestar social y econ\u00f3mico del pa\u00eds.<\/p>\n\n\n\n<p>Con acciones como \u00e9sta, el Icatlax contin\u00faa consolid\u00e1ndose como una instituci\u00f3n comprometida con la excelencia educativa, la inclusi\u00f3n y el fortalecimiento del capital humano en beneficio del desarrollo integral de Tlaxcala y de M\u00e9xico.<\/p>\n\n\n\n<p><\/p>\n","protected":false},"excerpt":{"rendered":"<p>\u2022Firman convenio de colaboraci\u00f3n en materia de preservaci\u00f3n e impulso a las comunidades que representan la diversidad cultural de M\u00e9xico En el marco de la Reuni\u00f3n Nacional de Institutos de Capacitaci\u00f3n (ICAT) para el Trabajo, celebrada del 2 al 4 de abril en la ciudad de M\u00e9rida, Yucat\u00e1n, el Instituto de Capacitaci\u00f3n para el Trabajo [&hellip;]<\/p>\n","protected":false},"author":4,"featured_media":94609,"comment_status":"open","ping_status":"open","sticky":false,"template":"","format":"standard","meta":{"om_disable_all_campaigns":false,"_monsterinsights_skip_tracking":false,"_monsterinsights_sitenote_active":false,"_monsterinsights_sitenote_note":"","_monsterinsights_sitenote_category":0,"jnews-multi-image_gallery":[],"jnews_single_post":[],"jnews_primary_category":[],"footnotes":""},"categories":[1],"tags":[],"class_list":["post-94608","post","type-post","status-publish","format-standard","has-post-thumbnail","hentry","category-uncategorized"],"aioseo_notices":[],"_links":{"self":[{"href":"https:\/\/estado29.mx\/index.php?rest_route=\/wp\/v2\/posts\/94608","targetHints":{"allow":["GET"]}}],"collection":[{"href":"https:\/\/estado29.mx\/index.php?rest_route=\/wp\/v2\/posts"}],"about":[{"href":"https:\/\/estado29.mx\/index.php?rest_route=\/wp\/v2\/types\/post"}],"author":[{"embeddable":true,"href":"https:\/\/estado29.mx\/index.php?rest_route=\/wp\/v2\/users\/4"}],"replies":[{"embeddable":true,"href":"https:\/\/estado29.mx\/index.php?rest_route=%2Fwp%2Fv2%2Fcomments&post=94608"}],"version-history":[{"count":2,"href":"https:\/\/estado29.mx\/index.php?rest_route=\/wp\/v2\/posts\/94608\/revisions"}],"predecessor-version":[{"id":94611,"href":"https:\/\/estado29.mx\/index.php?rest_route=\/wp\/v2\/posts\/94608\/revisions\/94611"}],"wp:featuredmedia":[{"embeddable":true,"href":"https:\/\/estado29.mx\/index.php?rest_route=\/wp\/v2\/media\/94609"}],"wp:attachment":[{"href":"https:\/\/estado29.mx\/index.php?rest_route=%2Fwp%2Fv2%2Fmedia&parent=94608"}],"wp:term":[{"taxonomy":"category","embeddable":true,"href":"https:\/\/estado29.mx\/index.php?rest_route=%2Fwp%2Fv2%2Fcategories&post=94608"},{"taxonomy":"post_tag","embeddable":true,"href":"https:\/\/estado29.mx\/index.php?rest_route=%2Fwp%2Fv2%2Ftags&post=94608"}],"curies":[{"name":"wp","href":"https:\/\/api.w.org\/{rel}","templated":true}]}}