{"id":94612,"date":"2025-04-07T17:13:55","date_gmt":"2025-04-07T17:13:55","guid":{"rendered":"https:\/\/estado29.mx\/?p=94612"},"modified":"2025-04-07T17:13:55","modified_gmt":"2025-04-07T17:13:55","slug":"vuelca-camioneta-en-la-ixtenco-zitlaltepec-no-se-reportan-lesionados-graves","status":"publish","type":"post","link":"https:\/\/estado29.mx\/?p=94612","title":{"rendered":"Vuelca camioneta en la Ixtenco-Zitlaltepec; no se reportan lesionados graves"},"content":{"rendered":"\n<p>Esta ma\u00f1ana se registr\u00f3 un accidente en la carretera Ixtenco- Zitlaltepec dejando a una persona lesionada.<\/p>\n\n\n\n<p>Param\u00e9dicos de Ixtenco, a bordo de su ambulancia, acudieron a la zona para atender el percance y, a su valoraci\u00f3n, confirmaron que el conductor no presentaba lesiones que ameritaran traslado a un nosocomio.<\/p>\n\n\n\n<p>Polic\u00edas municipales se hicieron cargo del accidente y pusieron a disposici\u00f3n la unidad volcada, una camioneta Dodge Ram de color blanca la cual, por razones desconocidas, se sali\u00f3 del asfalto y qued\u00f3 en terrenos de campo.<\/p>\n","protected":false},"excerpt":{"rendered":"<p>Esta ma\u00f1ana se registr\u00f3 un accidente en la carretera Ixtenco- Zitlaltepec dejando a una persona lesionada. Param\u00e9dicos de Ixtenco, a bordo de su ambulancia, acudieron a la zona para atender el percance y, a su valoraci\u00f3n, confirmaron que el conductor no presentaba lesiones que ameritaran traslado a un nosocomio. Polic\u00edas municipales se hicieron cargo del [&hellip;]<\/p>\n","protected":false},"author":5,"featured_media":94613,"comment_status":"open","ping_status":"open","sticky":false,"template":"","format":"standard","meta":{"om_disable_all_campaigns":false,"_monsterinsights_skip_tracking":false,"_monsterinsights_sitenote_active":false,"_monsterinsights_sitenote_note":"","_monsterinsights_sitenote_category":0,"jnews-multi-image_gallery":[],"jnews_single_post":[],"jnews_primary_category":[],"footnotes":""},"categories":[1],"tags":[],"class_list":["post-94612","post","type-post","status-publish","format-standard","has-post-thumbnail","hentry","category-uncategorized"],"aioseo_notices":[],"_links":{"self":[{"href":"https:\/\/estado29.mx\/index.php?rest_route=\/wp\/v2\/posts\/94612","targetHints":{"allow":["GET"]}}],"collection":[{"href":"https:\/\/estado29.mx\/index.php?rest_route=\/wp\/v2\/posts"}],"about":[{"href":"https:\/\/estado29.mx\/index.php?rest_route=\/wp\/v2\/types\/post"}],"author":[{"embeddable":true,"href":"https:\/\/estado29.mx\/index.php?rest_route=\/wp\/v2\/users\/5"}],"replies":[{"embeddable":true,"href":"https:\/\/estado29.mx\/index.php?rest_route=%2Fwp%2Fv2%2Fcomments&post=94612"}],"version-history":[{"count":1,"href":"https:\/\/estado29.mx\/index.php?rest_route=\/wp\/v2\/posts\/94612\/revisions"}],"predecessor-version":[{"id":94614,"href":"https:\/\/estado29.mx\/index.php?rest_route=\/wp\/v2\/posts\/94612\/revisions\/94614"}],"wp:featuredmedia":[{"embeddable":true,"href":"https:\/\/estado29.mx\/index.php?rest_route=\/wp\/v2\/media\/94613"}],"wp:attachment":[{"href":"https:\/\/estado29.mx\/index.php?rest_route=%2Fwp%2Fv2%2Fmedia&parent=94612"}],"wp:term":[{"taxonomy":"category","embeddable":true,"href":"https:\/\/estado29.mx\/index.php?rest_route=%2Fwp%2Fv2%2Fcategories&post=94612"},{"taxonomy":"post_tag","embeddable":true,"href":"https:\/\/estado29.mx\/index.php?rest_route=%2Fwp%2Fv2%2Ftags&post=94612"}],"curies":[{"name":"wp","href":"https:\/\/api.w.org\/{rel}","templated":true}]}}