{"id":94624,"date":"2025-04-08T13:19:45","date_gmt":"2025-04-08T13:19:45","guid":{"rendered":"https:\/\/estado29.mx\/?p=94624"},"modified":"2025-04-08T13:19:45","modified_gmt":"2025-04-08T13:19:45","slug":"clasifica-tlaxcala-rumbo-a-olimpiada-nacional-2025-en-baseball-5","status":"publish","type":"post","link":"https:\/\/estado29.mx\/?p=94624","title":{"rendered":"Clasifica Tlaxcala rumbo a olimpiada nacional 2025 en baseball 5"},"content":{"rendered":"\n<p><\/p>\n\n\n\n<p>El equipo tlaxcalteca de la categor\u00eda 17-18 a\u00f1os logr\u00f3 su pase a la Olimpiada Nacional 2025 de esta disciplina que se celebrar\u00e1 en el estado de Colima, a donde los deportistas viajar\u00e1n con el apoyo del gobierno del estado, a trav\u00e9s del Instituto del Deporte de Tlaxcala (IDET), para enfrentarse a sus hom\u00f3logos de otras entidades del pa\u00eds y buscar la presea dorada en lo m\u00e1s alto del p\u00f3dium.<\/p>\n\n\n\n<p>Lo anterior, luego de que Tlaxcala fue anfitri\u00f3n este fin de semana de la etapa macro regional de este deporte y recibi\u00f3 a los equipos de las categor\u00edas 14-16 y 17-19 a\u00f1os de los estados de Tabasco, Hidalgo, Tlaxcala y Oaxaca, en el auditorio Emilio S\u00e1nchez Piedras, del municipio de Apizaco, desde el pasado viernes 4 de abril.<\/p>\n\n\n\n<p>El director general del IDET, Daniel Moncayo Cervantes, agradeci\u00f3 el apoyo de la gobernadora Lorena Cu\u00e9llar Cisneros, ya que \u201cTlaxcala se va posicionando como un referente en el deporte. [\u2026] Se le reconoce el esfuerzo que est\u00e1 haciendo. Sabemos que el deporte es clave en la educaci\u00f3n y en la salud, por lo que hay que sumarnos a los dem\u00e1s proyectos que tenemos, y estar al pendiente de las sorpresas. La Olimpiada Nacional ser\u00e1 el evento m\u00e1s grande y la intenci\u00f3n de la gobernadora es que seamos la mejor sede\u201d, dijo.<\/p>\n\n\n\n<p>El conjunto tlaxcalteca de la categor\u00eda 17-19 a\u00f1os consigui\u00f3 su pase a la Olimpiada Nacional, el evento m\u00e1s grande del pa\u00eds en el deporte amateur, luego de enfrentarse a los equipos de Tabasco y Oaxaca. En ambos partidos, dejaron a sus oponentes con una cartelera 2-0, en la primera jornada del pasado s\u00e1bado 07 de abril. En el \u00faltimo d\u00eda de esta competencia, el equipo culmin\u00f3 su participaci\u00f3n con un 2-0 a favor del equipo del vecino estado de Hidalgo; en tanto, la categor\u00eda 14-16 a\u00f1os, cerr\u00f3 su participaci\u00f3n en los procesos selectivos, luego de enfrentarse a sus oponentes de Hidalgo.<\/p>\n\n\n\n<p>La jugadora del equipo originaria del municipio de Xaloztoc, Aurea Adlemi Fern\u00e1ndez Fragoso, y actual integrante de la selecci\u00f3n nacional de este deporte, volver\u00e1 al plano nacional por tercera vez consecutiva, para representar a Tlaxcala, dijo que \u201cestoy muy contenta; creo que hemos jugado muy bien. les agradezco a mis compa\u00f1eros y esperamos dar lo mejor en todo lo que viene\u201d.<\/p>\n","protected":false},"excerpt":{"rendered":"<p>El equipo tlaxcalteca de la categor\u00eda 17-18 a\u00f1os logr\u00f3 su pase a la Olimpiada Nacional 2025 de esta disciplina que se celebrar\u00e1 en el estado de Colima, a donde los deportistas viajar\u00e1n con el apoyo del gobierno del estado, a trav\u00e9s del Instituto del Deporte de Tlaxcala (IDET), para enfrentarse a sus hom\u00f3logos de otras [&hellip;]<\/p>\n","protected":false},"author":4,"featured_media":94625,"comment_status":"open","ping_status":"open","sticky":false,"template":"","format":"standard","meta":{"om_disable_all_campaigns":false,"_monsterinsights_skip_tracking":false,"_monsterinsights_sitenote_active":false,"_monsterinsights_sitenote_note":"","_monsterinsights_sitenote_category":0,"jnews-multi-image_gallery":[],"jnews_single_post":[],"jnews_primary_category":[],"footnotes":""},"categories":[1],"tags":[],"class_list":["post-94624","post","type-post","status-publish","format-standard","has-post-thumbnail","hentry","category-uncategorized"],"aioseo_notices":[],"_links":{"self":[{"href":"https:\/\/estado29.mx\/index.php?rest_route=\/wp\/v2\/posts\/94624","targetHints":{"allow":["GET"]}}],"collection":[{"href":"https:\/\/estado29.mx\/index.php?rest_route=\/wp\/v2\/posts"}],"about":[{"href":"https:\/\/estado29.mx\/index.php?rest_route=\/wp\/v2\/types\/post"}],"author":[{"embeddable":true,"href":"https:\/\/estado29.mx\/index.php?rest_route=\/wp\/v2\/users\/4"}],"replies":[{"embeddable":true,"href":"https:\/\/estado29.mx\/index.php?rest_route=%2Fwp%2Fv2%2Fcomments&post=94624"}],"version-history":[{"count":2,"href":"https:\/\/estado29.mx\/index.php?rest_route=\/wp\/v2\/posts\/94624\/revisions"}],"predecessor-version":[{"id":94627,"href":"https:\/\/estado29.mx\/index.php?rest_route=\/wp\/v2\/posts\/94624\/revisions\/94627"}],"wp:featuredmedia":[{"embeddable":true,"href":"https:\/\/estado29.mx\/index.php?rest_route=\/wp\/v2\/media\/94625"}],"wp:attachment":[{"href":"https:\/\/estado29.mx\/index.php?rest_route=%2Fwp%2Fv2%2Fmedia&parent=94624"}],"wp:term":[{"taxonomy":"category","embeddable":true,"href":"https:\/\/estado29.mx\/index.php?rest_route=%2Fwp%2Fv2%2Fcategories&post=94624"},{"taxonomy":"post_tag","embeddable":true,"href":"https:\/\/estado29.mx\/index.php?rest_route=%2Fwp%2Fv2%2Ftags&post=94624"}],"curies":[{"name":"wp","href":"https:\/\/api.w.org\/{rel}","templated":true}]}}