{"id":94663,"date":"2025-04-10T19:35:04","date_gmt":"2025-04-10T19:35:04","guid":{"rendered":"https:\/\/estado29.mx\/?p=94663"},"modified":"2025-04-10T19:35:04","modified_gmt":"2025-04-10T19:35:04","slug":"mega-incendio-consume-el-cerro-del-quimicho-en-tocatlan","status":"publish","type":"post","link":"https:\/\/estado29.mx\/?p=94663","title":{"rendered":"Mega incendio consume el cerro del Quimicho, en Tocatl\u00e1n."},"content":{"rendered":"\n<p>Paco Ugarte.<\/p>\n\n\n\n<p>Hace unas horas se inici\u00f3 a propagar r\u00e1pidamente un incendio que se registra en el cerro del Quimicho, ubicado en el municipio de Tocatl\u00e1n.<\/p>\n\n\n\n<p>A pesar de que vecinos han solicitado la presencia de cuerpos de seguridad de manera urgente, nadie ha hecho presencia para iniciar labores de sofocaci\u00f3n.<\/p>\n\n\n\n<p>Vecinos han exhortado a las autoridades acudir para combatir el fuego que se propaga r\u00e1pidamente derivado de las r\u00e1fagas de viento que se registran en la zona.<\/p>\n","protected":false},"excerpt":{"rendered":"<p>Paco Ugarte. Hace unas horas se inici\u00f3 a propagar r\u00e1pidamente un incendio que se registra en el cerro del Quimicho, ubicado en el municipio de Tocatl\u00e1n. A pesar de que vecinos han solicitado la presencia de cuerpos de seguridad de manera urgente, nadie ha hecho presencia para iniciar labores de sofocaci\u00f3n. Vecinos han exhortado a [&hellip;]<\/p>\n","protected":false},"author":5,"featured_media":94664,"comment_status":"open","ping_status":"open","sticky":false,"template":"","format":"standard","meta":{"om_disable_all_campaigns":false,"_monsterinsights_skip_tracking":false,"_monsterinsights_sitenote_active":false,"_monsterinsights_sitenote_note":"","_monsterinsights_sitenote_category":0,"jnews-multi-image_gallery":[],"jnews_single_post":[],"jnews_primary_category":[],"footnotes":""},"categories":[1],"tags":[],"class_list":["post-94663","post","type-post","status-publish","format-standard","has-post-thumbnail","hentry","category-uncategorized"],"aioseo_notices":[],"_links":{"self":[{"href":"https:\/\/estado29.mx\/index.php?rest_route=\/wp\/v2\/posts\/94663","targetHints":{"allow":["GET"]}}],"collection":[{"href":"https:\/\/estado29.mx\/index.php?rest_route=\/wp\/v2\/posts"}],"about":[{"href":"https:\/\/estado29.mx\/index.php?rest_route=\/wp\/v2\/types\/post"}],"author":[{"embeddable":true,"href":"https:\/\/estado29.mx\/index.php?rest_route=\/wp\/v2\/users\/5"}],"replies":[{"embeddable":true,"href":"https:\/\/estado29.mx\/index.php?rest_route=%2Fwp%2Fv2%2Fcomments&post=94663"}],"version-history":[{"count":1,"href":"https:\/\/estado29.mx\/index.php?rest_route=\/wp\/v2\/posts\/94663\/revisions"}],"predecessor-version":[{"id":94665,"href":"https:\/\/estado29.mx\/index.php?rest_route=\/wp\/v2\/posts\/94663\/revisions\/94665"}],"wp:featuredmedia":[{"embeddable":true,"href":"https:\/\/estado29.mx\/index.php?rest_route=\/wp\/v2\/media\/94664"}],"wp:attachment":[{"href":"https:\/\/estado29.mx\/index.php?rest_route=%2Fwp%2Fv2%2Fmedia&parent=94663"}],"wp:term":[{"taxonomy":"category","embeddable":true,"href":"https:\/\/estado29.mx\/index.php?rest_route=%2Fwp%2Fv2%2Fcategories&post=94663"},{"taxonomy":"post_tag","embeddable":true,"href":"https:\/\/estado29.mx\/index.php?rest_route=%2Fwp%2Fv2%2Ftags&post=94663"}],"curies":[{"name":"wp","href":"https:\/\/api.w.org\/{rel}","templated":true}]}}