{"id":94666,"date":"2025-04-11T02:06:15","date_gmt":"2025-04-11T02:06:15","guid":{"rendered":"https:\/\/estado29.mx\/?p=94666"},"modified":"2025-04-11T02:06:15","modified_gmt":"2025-04-11T02:06:15","slug":"decenas-de-voluntades-se-sumaron-para-combatir-el-incendio-el-cerro-del-quimicho-en-tocatlan","status":"publish","type":"post","link":"https:\/\/estado29.mx\/?p=94666","title":{"rendered":"Decenas de voluntades se sumaron para combatir el incendio el cerro del Quimicho en Tocatl\u00e1n."},"content":{"rendered":"\n<p>Paco Ugarte.<\/p>\n\n\n\n<p>Durante varias horas, personal de Protecci\u00f3n Civil, Bomberos, Polic\u00edas, Param\u00e9dicos y vecinos, de diatuntos lugares, se sumaron a una lucha para combatir un fuerte incendio que se registr\u00f3 en el cerro del Quimicho ubicado entre los municipios de Tocatl\u00e1n y Terrenate.<\/p>\n\n\n\n<p>Fueron m\u00e1s de 5 horas de trabajo que con palas, picos, ramas de \u00e1rboles, agua y otros art\u00edculos que trabajaron arduamente para controlar un incendio que por algunos momentos se sal\u00eda de control derivado de las cueryes rafagas de viento y que desafortunadamente consumi\u00f3 varias hect\u00e1reas que afect\u00f3 a la flora y fauna del lugar.<\/p>\n\n\n\n<p>Hasta el momento no se tiene el dato preciso de los da\u00f1os ocasionados, sin embargo, una persona result\u00f3 con quemaduras derivado de este incendio, por lo que fue valorado y atendido por param\u00e9dicos.<\/p>\n\n\n\n<p>A esta lucha se sumaron municipios como Terrenate, Xaloztoc, Apizaco, Huamantla, Teacalco, Amozoc, entre otros que con diferentes veh\u00edculos y personal ayudaron a combatir las llamas.<\/p>\n\n\n\n<p>Ser\u00e1n las autoridades las encargadas de iniciar con la investigaci\u00f3n de este ecocidio para que lleve a conocer si fue provocado.<\/p>\n","protected":false},"excerpt":{"rendered":"<p>Paco Ugarte. Durante varias horas, personal de Protecci\u00f3n Civil, Bomberos, Polic\u00edas, Param\u00e9dicos y vecinos, de diatuntos lugares, se sumaron a una lucha para combatir un fuerte incendio que se registr\u00f3 en el cerro del Quimicho ubicado entre los municipios de Tocatl\u00e1n y Terrenate. Fueron m\u00e1s de 5 horas de trabajo que con palas, picos, ramas [&hellip;]<\/p>\n","protected":false},"author":5,"featured_media":94667,"comment_status":"open","ping_status":"open","sticky":false,"template":"","format":"standard","meta":{"om_disable_all_campaigns":false,"_monsterinsights_skip_tracking":false,"_monsterinsights_sitenote_active":false,"_monsterinsights_sitenote_note":"","_monsterinsights_sitenote_category":0,"jnews-multi-image_gallery":[],"jnews_single_post":[],"jnews_primary_category":[],"footnotes":""},"categories":[1],"tags":[],"class_list":["post-94666","post","type-post","status-publish","format-standard","has-post-thumbnail","hentry","category-uncategorized"],"aioseo_notices":[],"_links":{"self":[{"href":"https:\/\/estado29.mx\/index.php?rest_route=\/wp\/v2\/posts\/94666","targetHints":{"allow":["GET"]}}],"collection":[{"href":"https:\/\/estado29.mx\/index.php?rest_route=\/wp\/v2\/posts"}],"about":[{"href":"https:\/\/estado29.mx\/index.php?rest_route=\/wp\/v2\/types\/post"}],"author":[{"embeddable":true,"href":"https:\/\/estado29.mx\/index.php?rest_route=\/wp\/v2\/users\/5"}],"replies":[{"embeddable":true,"href":"https:\/\/estado29.mx\/index.php?rest_route=%2Fwp%2Fv2%2Fcomments&post=94666"}],"version-history":[{"count":1,"href":"https:\/\/estado29.mx\/index.php?rest_route=\/wp\/v2\/posts\/94666\/revisions"}],"predecessor-version":[{"id":94668,"href":"https:\/\/estado29.mx\/index.php?rest_route=\/wp\/v2\/posts\/94666\/revisions\/94668"}],"wp:featuredmedia":[{"embeddable":true,"href":"https:\/\/estado29.mx\/index.php?rest_route=\/wp\/v2\/media\/94667"}],"wp:attachment":[{"href":"https:\/\/estado29.mx\/index.php?rest_route=%2Fwp%2Fv2%2Fmedia&parent=94666"}],"wp:term":[{"taxonomy":"category","embeddable":true,"href":"https:\/\/estado29.mx\/index.php?rest_route=%2Fwp%2Fv2%2Fcategories&post=94666"},{"taxonomy":"post_tag","embeddable":true,"href":"https:\/\/estado29.mx\/index.php?rest_route=%2Fwp%2Fv2%2Ftags&post=94666"}],"curies":[{"name":"wp","href":"https:\/\/api.w.org\/{rel}","templated":true}]}}