{"id":94672,"date":"2025-04-11T05:13:00","date_gmt":"2025-04-11T05:13:00","guid":{"rendered":"https:\/\/estado29.mx\/?p=94672"},"modified":"2025-04-11T05:13:00","modified_gmt":"2025-04-11T05:13:00","slug":"con-exito-se-realiza-en-la-plazuela-de-la-preciosa-en-huamantla-jueves-de-mueganos","status":"publish","type":"post","link":"https:\/\/estado29.mx\/?p=94672","title":{"rendered":"Con \u00e9xito se realiza en la plazuela de La Preciosa en Huamantla jueves de mueganos."},"content":{"rendered":"\n<p>Paco Ugarte.<\/p>\n\n\n\n<p>A punto de concluir lo tradicionales viernes de cuaresma en Huamantla, se ha sumado el \u00faltimo jueves antes de la Semana Santa, incorporar al barrio de La Preciosa.<\/p>\n\n\n\n<p>Por esta raz\u00f3n, se llev\u00f3 a cabo la presentaci\u00f3n de sonidos de Matlalcueyetl y el ensamble de m\u00fasica tradicional, adem\u00e1s de una exposici\u00f3n fotogr\u00e1fica.<\/p>\n\n\n\n<p>La Coordinadora de Cultura en Huamantla Jakelin Gonz\u00e1lez, agradeci\u00f3 a los asistentes quienes hacen posible este evento que se suma a la serie de actividades que se desarrollan en Huamantla.<\/p>\n\n\n\n<p>Invitaron a vivir esta semana mayor con respeto y sobre todo con responsabilidad con las actividades que se tienen programas durante Semana Santa.<\/p>\n","protected":false},"excerpt":{"rendered":"<p>Paco Ugarte. A punto de concluir lo tradicionales viernes de cuaresma en Huamantla, se ha sumado el \u00faltimo jueves antes de la Semana Santa, incorporar al barrio de La Preciosa. Por esta raz\u00f3n, se llev\u00f3 a cabo la presentaci\u00f3n de sonidos de Matlalcueyetl y el ensamble de m\u00fasica tradicional, adem\u00e1s de una exposici\u00f3n fotogr\u00e1fica. La [&hellip;]<\/p>\n","protected":false},"author":5,"featured_media":94673,"comment_status":"open","ping_status":"open","sticky":false,"template":"","format":"standard","meta":{"om_disable_all_campaigns":false,"_monsterinsights_skip_tracking":false,"_monsterinsights_sitenote_active":false,"_monsterinsights_sitenote_note":"","_monsterinsights_sitenote_category":0,"jnews-multi-image_gallery":[],"jnews_single_post":[],"jnews_primary_category":[],"footnotes":""},"categories":[1],"tags":[],"class_list":["post-94672","post","type-post","status-publish","format-standard","has-post-thumbnail","hentry","category-uncategorized"],"aioseo_notices":[],"_links":{"self":[{"href":"https:\/\/estado29.mx\/index.php?rest_route=\/wp\/v2\/posts\/94672","targetHints":{"allow":["GET"]}}],"collection":[{"href":"https:\/\/estado29.mx\/index.php?rest_route=\/wp\/v2\/posts"}],"about":[{"href":"https:\/\/estado29.mx\/index.php?rest_route=\/wp\/v2\/types\/post"}],"author":[{"embeddable":true,"href":"https:\/\/estado29.mx\/index.php?rest_route=\/wp\/v2\/users\/5"}],"replies":[{"embeddable":true,"href":"https:\/\/estado29.mx\/index.php?rest_route=%2Fwp%2Fv2%2Fcomments&post=94672"}],"version-history":[{"count":1,"href":"https:\/\/estado29.mx\/index.php?rest_route=\/wp\/v2\/posts\/94672\/revisions"}],"predecessor-version":[{"id":94674,"href":"https:\/\/estado29.mx\/index.php?rest_route=\/wp\/v2\/posts\/94672\/revisions\/94674"}],"wp:featuredmedia":[{"embeddable":true,"href":"https:\/\/estado29.mx\/index.php?rest_route=\/wp\/v2\/media\/94673"}],"wp:attachment":[{"href":"https:\/\/estado29.mx\/index.php?rest_route=%2Fwp%2Fv2%2Fmedia&parent=94672"}],"wp:term":[{"taxonomy":"category","embeddable":true,"href":"https:\/\/estado29.mx\/index.php?rest_route=%2Fwp%2Fv2%2Fcategories&post=94672"},{"taxonomy":"post_tag","embeddable":true,"href":"https:\/\/estado29.mx\/index.php?rest_route=%2Fwp%2Fv2%2Ftags&post=94672"}],"curies":[{"name":"wp","href":"https:\/\/api.w.org\/{rel}","templated":true}]}}