{"id":94675,"date":"2025-04-11T13:30:00","date_gmt":"2025-04-11T13:30:00","guid":{"rendered":"https:\/\/estado29.mx\/?p=94675"},"modified":"2025-04-11T13:30:00","modified_gmt":"2025-04-11T13:30:00","slug":"tlaxcala-recibira-a-mas-de-mil-personas-durante-el-macro-regional-de-atletismo","status":"publish","type":"post","link":"https:\/\/estado29.mx\/?p=94675","title":{"rendered":"Tlaxcala recibir\u00e1 a m\u00e1s de mil personas durante el macro regional de atletismo"},"content":{"rendered":"\n<p>Con el objetivo de fomentar la sana convivencia e impulsar el desarrollo deportivo de ni\u00f1os, ni\u00f1as y j\u00f3venes, en Tlaxcala se realizar\u00e1 el Macro Regional de Atletismo rumbo a la Olimpiada Nacional 2025, competencia que tendr\u00e1 lugar en el Centro de Atletismo \u201cUna Nueva Historia\u201d, en la Ciudad Deportiva de Alto Rendimiento de Tlaxcala.<\/p>\n\n\n\n<p>Junto a las selecciones de Campeche, Chiapas, Hidalgo, Quintana Roo, Yucat\u00e1n, Veracruz, Oaxaca, Puebla y Tabasco, as\u00ed como del Instituto Mexicano del Seguro Social (IMSS) y de la Universidad Nacional Aut\u00f3noma de M\u00e9xico (UNAM), la escuadra tlaxcalteca buscar\u00e1 aprovechar las condiciones de local para obtener el mayor n\u00famero de boletos para la justa nacional que se desarrollar\u00e1 tambi\u00e9n en la entidad en junio pr\u00f3ximo.<\/p>\n\n\n\n<p>El calendario de competencia quedar\u00e1 de la siguiente manera: del 21 al 24 de abril competir\u00e1n las selecciones de las categor\u00edas sub 16 y sub 18; posteriormente, la categor\u00eda sub 20 y sub 23 tendr\u00e1n acci\u00f3n del 24 al 27 de abril.<\/p>\n\n\n\n<p>El director del Instituto del Deporte de Tlaxcala (IDET), Daniel Moncayo Cervantes, se\u00f1al\u00f3 que las instalaciones se encuentran listas para recibir al talento que conforma la macro regi\u00f3n C, y aprovech\u00f3 para invitar a la poblaci\u00f3n a disfrutar de este escaparate deportivo, el cual ser\u00e1 un adelanto de lo que Tlaxcala tendr\u00e1 en el mes de junio con la fase final de Olimpiada Nacional.<\/p>\n\n\n\n<p>La delegaci\u00f3n tlaxcalteca est\u00e1 conformada por 73 deportistas, quienes competir\u00e1n en pruebas de pista y campo, en las categor\u00edas sub 16, sub 18, sub 20 y sub 23, en las ramas femenil y varonil. Tlaxcala recibir\u00e1 nuevamente esta competencia, luego de que se realizar\u00e1 en el 2022 en el Centro Regional del Alto Rendimiento \u201cLuis Donaldo Colosio\u201d.<\/p>\n\n\n\n<p>Cabe recordar que, del 23 de junio al 03 de julio, Tlaxcala ser\u00e1 sede de la fase nacional de Olimpiada.<\/p>\n\n\n\n<p><\/p>\n","protected":false},"excerpt":{"rendered":"<p>Con el objetivo de fomentar la sana convivencia e impulsar el desarrollo deportivo de ni\u00f1os, ni\u00f1as y j\u00f3venes, en Tlaxcala se realizar\u00e1 el Macro Regional de Atletismo rumbo a la Olimpiada Nacional 2025, competencia que tendr\u00e1 lugar en el Centro de Atletismo \u201cUna Nueva Historia\u201d, en la Ciudad Deportiva de Alto Rendimiento de Tlaxcala. Junto [&hellip;]<\/p>\n","protected":false},"author":4,"featured_media":94676,"comment_status":"open","ping_status":"open","sticky":false,"template":"","format":"standard","meta":{"om_disable_all_campaigns":false,"_monsterinsights_skip_tracking":false,"_monsterinsights_sitenote_active":false,"_monsterinsights_sitenote_note":"","_monsterinsights_sitenote_category":0,"jnews-multi-image_gallery":[],"jnews_single_post":[],"jnews_primary_category":[],"footnotes":""},"categories":[1],"tags":[],"class_list":["post-94675","post","type-post","status-publish","format-standard","has-post-thumbnail","hentry","category-uncategorized"],"aioseo_notices":[],"_links":{"self":[{"href":"https:\/\/estado29.mx\/index.php?rest_route=\/wp\/v2\/posts\/94675","targetHints":{"allow":["GET"]}}],"collection":[{"href":"https:\/\/estado29.mx\/index.php?rest_route=\/wp\/v2\/posts"}],"about":[{"href":"https:\/\/estado29.mx\/index.php?rest_route=\/wp\/v2\/types\/post"}],"author":[{"embeddable":true,"href":"https:\/\/estado29.mx\/index.php?rest_route=\/wp\/v2\/users\/4"}],"replies":[{"embeddable":true,"href":"https:\/\/estado29.mx\/index.php?rest_route=%2Fwp%2Fv2%2Fcomments&post=94675"}],"version-history":[{"count":2,"href":"https:\/\/estado29.mx\/index.php?rest_route=\/wp\/v2\/posts\/94675\/revisions"}],"predecessor-version":[{"id":94678,"href":"https:\/\/estado29.mx\/index.php?rest_route=\/wp\/v2\/posts\/94675\/revisions\/94678"}],"wp:featuredmedia":[{"embeddable":true,"href":"https:\/\/estado29.mx\/index.php?rest_route=\/wp\/v2\/media\/94676"}],"wp:attachment":[{"href":"https:\/\/estado29.mx\/index.php?rest_route=%2Fwp%2Fv2%2Fmedia&parent=94675"}],"wp:term":[{"taxonomy":"category","embeddable":true,"href":"https:\/\/estado29.mx\/index.php?rest_route=%2Fwp%2Fv2%2Fcategories&post=94675"},{"taxonomy":"post_tag","embeddable":true,"href":"https:\/\/estado29.mx\/index.php?rest_route=%2Fwp%2Fv2%2Ftags&post=94675"}],"curies":[{"name":"wp","href":"https:\/\/api.w.org\/{rel}","templated":true}]}}