{"id":94679,"date":"2025-04-11T13:37:58","date_gmt":"2025-04-11T13:37:58","guid":{"rendered":"https:\/\/estado29.mx\/?p=94679"},"modified":"2025-04-11T13:37:58","modified_gmt":"2025-04-11T13:37:58","slug":"cepc-emite-recomendaciones-para-prevenir-incendios-forestales","status":"publish","type":"post","link":"https:\/\/estado29.mx\/?p=94679","title":{"rendered":"CEPC emite recomendaciones para prevenir incendios forestales"},"content":{"rendered":"\n<p>La Coordinaci\u00f3n Estatal de Protecci\u00f3n Civil (CEPC) exhort\u00f3 a la poblaci\u00f3n a prevenir y reportar incendios forestales, un fen\u00f3meno que se incrementa durante los meses de estiaje, representando un peligro tanto para las personas y sus bienes, como para el medio ambiente.&nbsp;<\/p>\n\n\n\n<p>De acuerdo con la Coordinaci\u00f3n Nacional de Protecci\u00f3n Civil (CNPC), la mayor\u00eda de estos incendios tienen su origen en actividades humanas, como quemas agropecuarias no controladas, fogatas mal apagadas o el abandono de basura en zonas naturales, pr\u00e1cticas que, aparentemente inofensivas, pueden derivar en fuertes incendios en bosques y pastizales.<\/p>\n\n\n\n<p>En M\u00e9xico, la temporada de incendios coincide con la \u00e9poca de estiaje, que comprende principalmente de enero a mayo, seg\u00fan la situaci\u00f3n geogr\u00e1fica de las diversas regiones.<\/p>\n\n\n\n<p>Por ello, para evitar este tipo de incidentes, el titular de la CEPC, Juvencio Nieto Galicia, invit\u00f3 a las personas que tienen terrenos o lotes bald\u00edos a mantenerlos limpios.<\/p>\n\n\n\n<p>Recomend\u00f3 a la poblaci\u00f3n evitar hacer fogatas en el campo o quemar basura en parajes, debido a que la sequedad de la vegetaci\u00f3n y el viento pueden provocar que el fuego se propague r\u00e1pidamente. Tambi\u00e9n pidi\u00f3 evitar arrojar cerillos, cigarros o colillas encendidos en carreteras, por el mismo riesgo que ello implica.<\/p>\n\n\n\n<p>El coordinador estatal de Protecci\u00f3n Civil mencion\u00f3 que, en caso de presentarse alguna emergencia, la poblaci\u00f3n puede comunicarse al n\u00famero de emergencia 911 para su pronta atenci\u00f3n.<\/p>\n","protected":false},"excerpt":{"rendered":"<p>La Coordinaci\u00f3n Estatal de Protecci\u00f3n Civil (CEPC) exhort\u00f3 a la poblaci\u00f3n a prevenir y reportar incendios forestales, un fen\u00f3meno que se incrementa durante los meses de estiaje, representando un peligro tanto para las personas y sus bienes, como para el medio ambiente.&nbsp; De acuerdo con la Coordinaci\u00f3n Nacional de Protecci\u00f3n Civil (CNPC), la mayor\u00eda de [&hellip;]<\/p>\n","protected":false},"author":4,"featured_media":94680,"comment_status":"open","ping_status":"open","sticky":false,"template":"","format":"standard","meta":{"om_disable_all_campaigns":false,"_monsterinsights_skip_tracking":false,"_monsterinsights_sitenote_active":false,"_monsterinsights_sitenote_note":"","_monsterinsights_sitenote_category":0,"jnews-multi-image_gallery":[],"jnews_single_post":[],"jnews_primary_category":[],"footnotes":""},"categories":[1],"tags":[],"class_list":["post-94679","post","type-post","status-publish","format-standard","has-post-thumbnail","hentry","category-uncategorized"],"aioseo_notices":[],"_links":{"self":[{"href":"https:\/\/estado29.mx\/index.php?rest_route=\/wp\/v2\/posts\/94679","targetHints":{"allow":["GET"]}}],"collection":[{"href":"https:\/\/estado29.mx\/index.php?rest_route=\/wp\/v2\/posts"}],"about":[{"href":"https:\/\/estado29.mx\/index.php?rest_route=\/wp\/v2\/types\/post"}],"author":[{"embeddable":true,"href":"https:\/\/estado29.mx\/index.php?rest_route=\/wp\/v2\/users\/4"}],"replies":[{"embeddable":true,"href":"https:\/\/estado29.mx\/index.php?rest_route=%2Fwp%2Fv2%2Fcomments&post=94679"}],"version-history":[{"count":2,"href":"https:\/\/estado29.mx\/index.php?rest_route=\/wp\/v2\/posts\/94679\/revisions"}],"predecessor-version":[{"id":94682,"href":"https:\/\/estado29.mx\/index.php?rest_route=\/wp\/v2\/posts\/94679\/revisions\/94682"}],"wp:featuredmedia":[{"embeddable":true,"href":"https:\/\/estado29.mx\/index.php?rest_route=\/wp\/v2\/media\/94680"}],"wp:attachment":[{"href":"https:\/\/estado29.mx\/index.php?rest_route=%2Fwp%2Fv2%2Fmedia&parent=94679"}],"wp:term":[{"taxonomy":"category","embeddable":true,"href":"https:\/\/estado29.mx\/index.php?rest_route=%2Fwp%2Fv2%2Fcategories&post=94679"},{"taxonomy":"post_tag","embeddable":true,"href":"https:\/\/estado29.mx\/index.php?rest_route=%2Fwp%2Fv2%2Ftags&post=94679"}],"curies":[{"name":"wp","href":"https:\/\/api.w.org\/{rel}","templated":true}]}}