{"id":94683,"date":"2025-04-11T13:42:31","date_gmt":"2025-04-11T13:42:31","guid":{"rendered":"https:\/\/estado29.mx\/?p=94683"},"modified":"2025-04-11T13:42:31","modified_gmt":"2025-04-11T13:42:31","slug":"abre-tlaxcala-convocatoria-del-programa-de-economias-colectivas-2025","status":"publish","type":"post","link":"https:\/\/estado29.mx\/?p=94683","title":{"rendered":"Abre Tlaxcala convocatoria del programa de econom\u00edas colectivas 2025"},"content":{"rendered":"\n<p>La Secretar\u00eda de Trabajo y Competitividad (STyC) lanz\u00f3 la convocatoria 2025 del Programa de Econom\u00edas Colectivas (PEC), una estrategia que busca fortalecer el bienestar econ\u00f3mico y social de las y los tlaxcaltecas mediante el impulso a la cadena de valor de emprendimientos colectivos y la promoci\u00f3n de la econom\u00eda social y solidaria.<\/p>\n\n\n\n<p>Desde su creaci\u00f3n, el PEC ha beneficiado a 100 grupos productivos, impactando de manera directa a 289 personas que han encontrado en esta estrategia una alternativa para mejorar su situaci\u00f3n econ\u00f3mica.<\/p>\n\n\n\n<p>El Programa de Econom\u00edas Colectivas se desarrolla a trav\u00e9s de cuatro ejes estrat\u00e9gicos, que son: 1. Capacitaci\u00f3n especializada: Formaci\u00f3n en producci\u00f3n, gesti\u00f3n empresarial, financiamiento, estrategias de comercializaci\u00f3n y fortalecimiento de la cadena de valor; 2. Asesor\u00eda personalizada: Acompa\u00f1amiento t\u00e9cnico para consolidar la identidad de los productos, mejorar su calidad y facilitar su acceso al mercado; 3. Vinculaci\u00f3n con redes de distribuci\u00f3n y financiamiento: Conexi\u00f3n con empresas, cooperativas y espacios comerciales que ampl\u00eden las oportunidades de comercializaci\u00f3n; y 4. Impulso al trabajo colaborativo: Fomento de la organizaci\u00f3n en cooperativas y redes de apoyo para fortalecer la econom\u00eda social.<\/p>\n\n\n\n<p>En esta segunda edici\u00f3n, el programa busca apoyar nuevamente a 100 unidades econ\u00f3micas grupales, con prioridad para jefas de familia, personas adultas mayores, &nbsp; personas con discapacidad, j\u00f3venes reci\u00e9n egresados, y miembros de grupos \u00e9tnicos, culturales o sociales minoritarios.<\/p>\n\n\n\n<p>Los grupos interesados deber\u00e1n presentar una propuesta de actividad productiva colectiva que ya cuente con un producto definido y que incluya un proceso de transformaci\u00f3n, demostrando adem\u00e1s su compromiso con el desarrollo comunitario.El proceso de inscripci\u00f3n incluye: llenado de un formulario digital, entrega de documentaci\u00f3n b\u00e1sica de los integrantes y presentaci\u00f3n de una propuesta detallada de la unidad econ\u00f3mica.<\/p>\n\n\n\n<p>La convocatoria estar\u00e1 vigente hasta el 25 de abril de 2025, y los resultados se publicar\u00e1n a m\u00e1s tardar el 28 de abril.<\/p>\n\n\n\n<p><\/p>\n","protected":false},"excerpt":{"rendered":"<p>La Secretar\u00eda de Trabajo y Competitividad (STyC) lanz\u00f3 la convocatoria 2025 del Programa de Econom\u00edas Colectivas (PEC), una estrategia que busca fortalecer el bienestar econ\u00f3mico y social de las y los tlaxcaltecas mediante el impulso a la cadena de valor de emprendimientos colectivos y la promoci\u00f3n de la econom\u00eda social y solidaria. Desde su creaci\u00f3n, [&hellip;]<\/p>\n","protected":false},"author":4,"featured_media":94684,"comment_status":"open","ping_status":"open","sticky":false,"template":"","format":"standard","meta":{"om_disable_all_campaigns":false,"_monsterinsights_skip_tracking":false,"_monsterinsights_sitenote_active":false,"_monsterinsights_sitenote_note":"","_monsterinsights_sitenote_category":0,"jnews-multi-image_gallery":[],"jnews_single_post":[],"jnews_primary_category":[],"footnotes":""},"categories":[1],"tags":[],"class_list":["post-94683","post","type-post","status-publish","format-standard","has-post-thumbnail","hentry","category-uncategorized"],"aioseo_notices":[],"_links":{"self":[{"href":"https:\/\/estado29.mx\/index.php?rest_route=\/wp\/v2\/posts\/94683","targetHints":{"allow":["GET"]}}],"collection":[{"href":"https:\/\/estado29.mx\/index.php?rest_route=\/wp\/v2\/posts"}],"about":[{"href":"https:\/\/estado29.mx\/index.php?rest_route=\/wp\/v2\/types\/post"}],"author":[{"embeddable":true,"href":"https:\/\/estado29.mx\/index.php?rest_route=\/wp\/v2\/users\/4"}],"replies":[{"embeddable":true,"href":"https:\/\/estado29.mx\/index.php?rest_route=%2Fwp%2Fv2%2Fcomments&post=94683"}],"version-history":[{"count":2,"href":"https:\/\/estado29.mx\/index.php?rest_route=\/wp\/v2\/posts\/94683\/revisions"}],"predecessor-version":[{"id":94686,"href":"https:\/\/estado29.mx\/index.php?rest_route=\/wp\/v2\/posts\/94683\/revisions\/94686"}],"wp:featuredmedia":[{"embeddable":true,"href":"https:\/\/estado29.mx\/index.php?rest_route=\/wp\/v2\/media\/94684"}],"wp:attachment":[{"href":"https:\/\/estado29.mx\/index.php?rest_route=%2Fwp%2Fv2%2Fmedia&parent=94683"}],"wp:term":[{"taxonomy":"category","embeddable":true,"href":"https:\/\/estado29.mx\/index.php?rest_route=%2Fwp%2Fv2%2Fcategories&post=94683"},{"taxonomy":"post_tag","embeddable":true,"href":"https:\/\/estado29.mx\/index.php?rest_route=%2Fwp%2Fv2%2Ftags&post=94683"}],"curies":[{"name":"wp","href":"https:\/\/api.w.org\/{rel}","templated":true}]}}