{"id":94693,"date":"2025-04-12T01:20:54","date_gmt":"2025-04-12T01:20:54","guid":{"rendered":"https:\/\/estado29.mx\/?p=94693"},"modified":"2025-04-12T01:20:54","modified_gmt":"2025-04-12T01:20:54","slug":"otro-choque-entre-vehiculo-y-motocicleta-se-registra-en-huamantla","status":"publish","type":"post","link":"https:\/\/estado29.mx\/?p=94693","title":{"rendered":"Otro choque entre veh\u00edculo y motocicleta se registra en Huamantla."},"content":{"rendered":"\n<p>Paco Ugarte.<\/p>\n\n\n\n<p>A la par que se desarrollaba un accidente fatal sobre la carretera Benito Ju\u00e1rez &#8211; Huamantla, se present\u00f3 uno m\u00e1s entre las calles Negrete y Guerrero en el pueblo m\u00e1gico.<\/p>\n\n\n\n<p>Ah\u00ed nuevamente una motocicleta color azul y un veh\u00edculo compacto rojo colisionaron derivado de la falta de precauci\u00f3n al momento de circular.<\/p>\n\n\n\n<p>Derivado del hecho fueron valorados quienes viajaban en el veh\u00edculo de dos ruedas por param\u00e9dicos, sin presentar complicaciones en su salud que pusieran en riesgo su vida.<\/p>\n\n\n\n<p>Al lugar arribaron elementos de seguridad quienes se hicieron cargo del percance, para realizar el retiro de las unidades y con ello fincar o deslindar responsabilidades.<\/p>\n","protected":false},"excerpt":{"rendered":"<p>Paco Ugarte. A la par que se desarrollaba un accidente fatal sobre la carretera Benito Ju\u00e1rez &#8211; Huamantla, se present\u00f3 uno m\u00e1s entre las calles Negrete y Guerrero en el pueblo m\u00e1gico. Ah\u00ed nuevamente una motocicleta color azul y un veh\u00edculo compacto rojo colisionaron derivado de la falta de precauci\u00f3n al momento de circular. Derivado [&hellip;]<\/p>\n","protected":false},"author":5,"featured_media":94694,"comment_status":"open","ping_status":"open","sticky":false,"template":"","format":"standard","meta":{"om_disable_all_campaigns":false,"_monsterinsights_skip_tracking":false,"_monsterinsights_sitenote_active":false,"_monsterinsights_sitenote_note":"","_monsterinsights_sitenote_category":0,"jnews-multi-image_gallery":[],"jnews_single_post":[],"jnews_primary_category":[],"footnotes":""},"categories":[1],"tags":[],"class_list":["post-94693","post","type-post","status-publish","format-standard","has-post-thumbnail","hentry","category-uncategorized"],"aioseo_notices":[],"_links":{"self":[{"href":"https:\/\/estado29.mx\/index.php?rest_route=\/wp\/v2\/posts\/94693","targetHints":{"allow":["GET"]}}],"collection":[{"href":"https:\/\/estado29.mx\/index.php?rest_route=\/wp\/v2\/posts"}],"about":[{"href":"https:\/\/estado29.mx\/index.php?rest_route=\/wp\/v2\/types\/post"}],"author":[{"embeddable":true,"href":"https:\/\/estado29.mx\/index.php?rest_route=\/wp\/v2\/users\/5"}],"replies":[{"embeddable":true,"href":"https:\/\/estado29.mx\/index.php?rest_route=%2Fwp%2Fv2%2Fcomments&post=94693"}],"version-history":[{"count":2,"href":"https:\/\/estado29.mx\/index.php?rest_route=\/wp\/v2\/posts\/94693\/revisions"}],"predecessor-version":[{"id":94696,"href":"https:\/\/estado29.mx\/index.php?rest_route=\/wp\/v2\/posts\/94693\/revisions\/94696"}],"wp:featuredmedia":[{"embeddable":true,"href":"https:\/\/estado29.mx\/index.php?rest_route=\/wp\/v2\/media\/94694"}],"wp:attachment":[{"href":"https:\/\/estado29.mx\/index.php?rest_route=%2Fwp%2Fv2%2Fmedia&parent=94693"}],"wp:term":[{"taxonomy":"category","embeddable":true,"href":"https:\/\/estado29.mx\/index.php?rest_route=%2Fwp%2Fv2%2Fcategories&post=94693"},{"taxonomy":"post_tag","embeddable":true,"href":"https:\/\/estado29.mx\/index.php?rest_route=%2Fwp%2Fv2%2Ftags&post=94693"}],"curies":[{"name":"wp","href":"https:\/\/api.w.org\/{rel}","templated":true}]}}