{"id":94711,"date":"2025-04-14T13:38:47","date_gmt":"2025-04-14T13:38:47","guid":{"rendered":"https:\/\/estado29.mx\/?p=94711"},"modified":"2025-04-14T13:38:47","modified_gmt":"2025-04-14T13:38:47","slug":"fortalece-uptx-liderazgo-institucional-con-seminario-de-desarrollo-gerencial","status":"publish","type":"post","link":"https:\/\/estado29.mx\/?p=94711","title":{"rendered":"Fortalece UPTX liderazgo institucional con seminario de desarrollo gerencial"},"content":{"rendered":"\n<p>Como parte de su compromiso con la formaci\u00f3n continua de su personal, la Universidad Polit\u00e9cnica de Tlaxcala (UPTx) llev\u00f3 a cabo el seminario \u201cDesarrollo Gerencial para Mandos Medios\u201d, con el respaldo del Instituto de Capacitaci\u00f3n para el Trabajo del Estado de Tlaxcala (ICATLAX).<\/p>\n\n\n\n<p>Con una duraci\u00f3n de 20 horas y dirigida a personal con funciones directivas y de coordinaci\u00f3n dentro de la instituci\u00f3n, se <a><\/a>fortalecieron sus habilidades gerenciales con herramientas orientadas a un mejor desempe\u00f1o de sus funciones como l\u00edderes.<\/p>\n\n\n\n<p>A lo largo del seminario, se abordaron temas clave relacionados con la gesti\u00f3n del talento humano, liderazgo, comunicaci\u00f3n asertiva, soluci\u00f3n de conflictos, trabajo en equipo y toma de decisiones, elementos fundamentales para el desarrollo gerencial y la eficiencia organizacional.<\/p>\n\n\n\n<p>La capacitaci\u00f3n permiti\u00f3 que los participantes reforzaran sus capacidades para enfrentar los retos que implica la conducci\u00f3n de equipos de trabajo, adem\u00e1s de promover un ambiente de colaboraci\u00f3n y responsabilidad al interior de la universidad.<\/p>\n\n\n\n<p>Con este tipo de acciones, la UPTx busca consolidar una cultura de liderazgo efectivo entre sus servidores p\u00fablicos, convencida de que la actualizaci\u00f3n y profesionalizaci\u00f3n permanente de su capital humano impacta directamente en la mejora de los servicios y procesos institucionales.<\/p>\n","protected":false},"excerpt":{"rendered":"<p>Como parte de su compromiso con la formaci\u00f3n continua de su personal, la Universidad Polit\u00e9cnica de Tlaxcala (UPTx) llev\u00f3 a cabo el seminario \u201cDesarrollo Gerencial para Mandos Medios\u201d, con el respaldo del Instituto de Capacitaci\u00f3n para el Trabajo del Estado de Tlaxcala (ICATLAX). Con una duraci\u00f3n de 20 horas y dirigida a personal con funciones [&hellip;]<\/p>\n","protected":false},"author":4,"featured_media":94712,"comment_status":"open","ping_status":"open","sticky":false,"template":"","format":"standard","meta":{"om_disable_all_campaigns":false,"_monsterinsights_skip_tracking":false,"_monsterinsights_sitenote_active":false,"_monsterinsights_sitenote_note":"","_monsterinsights_sitenote_category":0,"jnews-multi-image_gallery":[],"jnews_single_post":[],"jnews_primary_category":[],"footnotes":""},"categories":[1],"tags":[],"class_list":["post-94711","post","type-post","status-publish","format-standard","has-post-thumbnail","hentry","category-uncategorized"],"aioseo_notices":[],"_links":{"self":[{"href":"https:\/\/estado29.mx\/index.php?rest_route=\/wp\/v2\/posts\/94711","targetHints":{"allow":["GET"]}}],"collection":[{"href":"https:\/\/estado29.mx\/index.php?rest_route=\/wp\/v2\/posts"}],"about":[{"href":"https:\/\/estado29.mx\/index.php?rest_route=\/wp\/v2\/types\/post"}],"author":[{"embeddable":true,"href":"https:\/\/estado29.mx\/index.php?rest_route=\/wp\/v2\/users\/4"}],"replies":[{"embeddable":true,"href":"https:\/\/estado29.mx\/index.php?rest_route=%2Fwp%2Fv2%2Fcomments&post=94711"}],"version-history":[{"count":2,"href":"https:\/\/estado29.mx\/index.php?rest_route=\/wp\/v2\/posts\/94711\/revisions"}],"predecessor-version":[{"id":94714,"href":"https:\/\/estado29.mx\/index.php?rest_route=\/wp\/v2\/posts\/94711\/revisions\/94714"}],"wp:featuredmedia":[{"embeddable":true,"href":"https:\/\/estado29.mx\/index.php?rest_route=\/wp\/v2\/media\/94712"}],"wp:attachment":[{"href":"https:\/\/estado29.mx\/index.php?rest_route=%2Fwp%2Fv2%2Fmedia&parent=94711"}],"wp:term":[{"taxonomy":"category","embeddable":true,"href":"https:\/\/estado29.mx\/index.php?rest_route=%2Fwp%2Fv2%2Fcategories&post=94711"},{"taxonomy":"post_tag","embeddable":true,"href":"https:\/\/estado29.mx\/index.php?rest_route=%2Fwp%2Fv2%2Ftags&post=94711"}],"curies":[{"name":"wp","href":"https:\/\/api.w.org\/{rel}","templated":true}]}}