{"id":94719,"date":"2025-04-14T13:51:53","date_gmt":"2025-04-14T13:51:53","guid":{"rendered":"https:\/\/estado29.mx\/?p=94719"},"modified":"2025-04-14T13:51:53","modified_gmt":"2025-04-14T13:51:53","slug":"uptx-impulsa-el-talento-universitario","status":"publish","type":"post","link":"https:\/\/estado29.mx\/?p=94719","title":{"rendered":"UPTX impulsa el talento universitario"},"content":{"rendered":"\n<p>*Firmaron un convenio para fortalecer la formaci\u00f3n acad\u00e9mica, cient\u00edfica y tecnol\u00f3gica de los estudiantes, y as\u00ed como su inserci\u00f3n al mundo laboral<\/p>\n\n\n\n<p>Con el firme compromiso de generar m\u00e1s y mejores oportunidades para su comunidad estudiantil, la Universidad Polit\u00e9cnica de Tlaxcala (UPTx) firm\u00f3 este 10 de abril un convenio de colaboraci\u00f3n con la empresa IT Global Knowledge in System Solutions.<\/p>\n\n\n\n<p>Este acuerdo permitir\u00e1 impulsar proyectos de investigaci\u00f3n, educaci\u00f3n dual, estancias y estad\u00edas, as\u00ed como actividades culturales, deportivas y de capacitaci\u00f3n continua, con el prop\u00f3sito de enriquecer el perfil profesional de las y los universitarios.<\/p>\n\n\n\n<p>Durante este evento, la rectora de la UPTx, Rosal\u00eda Nalleli P\u00e9rez Estrada, destac\u00f3 que la firma de convenios estrat\u00e9gicos como \u00e9ste responde a la visi\u00f3n institucional de fortalecer la vinculaci\u00f3n con el sector productivo, facilitando as\u00ed la inserci\u00f3n laboral de egresadas y egresados, adem\u00e1s de contribuir al desarrollo regional.<\/p>\n\n\n\n<p>Indic\u00f3 que, con esta alianza, se promover\u00e1 la realizaci\u00f3n de visitas industriales, la generaci\u00f3n de iniciativas de emprendimiento y la colaboraci\u00f3n en proyectos que impulsen la innovaci\u00f3n y el talento universitario, reafirmando el compromiso de la UPTx con la excelencia educativa y el crecimiento integral de su comunidad.<\/p>\n\n\n\n<p>As\u00ed, la UPTx refrenda su prop\u00f3sito de continuar estableciendo v\u00ednculos con empresas l\u00edderes en tecnolog\u00eda y desarrollo, creando oportunidades que fortalezcan la formaci\u00f3n acad\u00e9mica, cient\u00edfica y profesional de su alumnado.<\/p>\n","protected":false},"excerpt":{"rendered":"<p>*Firmaron un convenio para fortalecer la formaci\u00f3n acad\u00e9mica, cient\u00edfica y tecnol\u00f3gica de los estudiantes, y as\u00ed como su inserci\u00f3n al mundo laboral Con el firme compromiso de generar m\u00e1s y mejores oportunidades para su comunidad estudiantil, la Universidad Polit\u00e9cnica de Tlaxcala (UPTx) firm\u00f3 este 10 de abril un convenio de colaboraci\u00f3n con la empresa IT [&hellip;]<\/p>\n","protected":false},"author":4,"featured_media":94720,"comment_status":"open","ping_status":"open","sticky":false,"template":"","format":"standard","meta":{"om_disable_all_campaigns":false,"_monsterinsights_skip_tracking":false,"_monsterinsights_sitenote_active":false,"_monsterinsights_sitenote_note":"","_monsterinsights_sitenote_category":0,"jnews-multi-image_gallery":[],"jnews_single_post":[],"jnews_primary_category":[],"footnotes":""},"categories":[1],"tags":[],"class_list":["post-94719","post","type-post","status-publish","format-standard","has-post-thumbnail","hentry","category-uncategorized"],"aioseo_notices":[],"_links":{"self":[{"href":"https:\/\/estado29.mx\/index.php?rest_route=\/wp\/v2\/posts\/94719","targetHints":{"allow":["GET"]}}],"collection":[{"href":"https:\/\/estado29.mx\/index.php?rest_route=\/wp\/v2\/posts"}],"about":[{"href":"https:\/\/estado29.mx\/index.php?rest_route=\/wp\/v2\/types\/post"}],"author":[{"embeddable":true,"href":"https:\/\/estado29.mx\/index.php?rest_route=\/wp\/v2\/users\/4"}],"replies":[{"embeddable":true,"href":"https:\/\/estado29.mx\/index.php?rest_route=%2Fwp%2Fv2%2Fcomments&post=94719"}],"version-history":[{"count":2,"href":"https:\/\/estado29.mx\/index.php?rest_route=\/wp\/v2\/posts\/94719\/revisions"}],"predecessor-version":[{"id":94722,"href":"https:\/\/estado29.mx\/index.php?rest_route=\/wp\/v2\/posts\/94719\/revisions\/94722"}],"wp:featuredmedia":[{"embeddable":true,"href":"https:\/\/estado29.mx\/index.php?rest_route=\/wp\/v2\/media\/94720"}],"wp:attachment":[{"href":"https:\/\/estado29.mx\/index.php?rest_route=%2Fwp%2Fv2%2Fmedia&parent=94719"}],"wp:term":[{"taxonomy":"category","embeddable":true,"href":"https:\/\/estado29.mx\/index.php?rest_route=%2Fwp%2Fv2%2Fcategories&post=94719"},{"taxonomy":"post_tag","embeddable":true,"href":"https:\/\/estado29.mx\/index.php?rest_route=%2Fwp%2Fv2%2Ftags&post=94719"}],"curies":[{"name":"wp","href":"https:\/\/api.w.org\/{rel}","templated":true}]}}