{"id":94734,"date":"2025-04-16T15:22:32","date_gmt":"2025-04-16T15:22:32","guid":{"rendered":"https:\/\/estado29.mx\/?p=94734"},"modified":"2025-04-16T15:22:32","modified_gmt":"2025-04-16T15:22:32","slug":"accidente-cobra-la-vida-de-dos-personas-en-xaloztoc","status":"publish","type":"post","link":"https:\/\/estado29.mx\/?p=94734","title":{"rendered":"Accidente cobra la vida de dos personas en Xaloztoc."},"content":{"rendered":"\n<p>Un tr\u00e1gico accidente se registr\u00f3 esta ma\u00f1ana en la carretera federal M\u00e9xico-Veracruz, kil\u00f3metro 129, entre los municipios de Xaloztoc y Tocatl\u00e1n.<\/p>\n\n\n\n<p>Dos personas, un hombre y una mujer de aproximadamente 35-40 a\u00f1os de edad, que viajaban en una camioneta Chevy tipo pickup, perdieron la vida en el percance.<\/p>\n\n\n\n<p>Seg\u00fan testigos, un veh\u00edculo Kia tipo R\u00edo se incorpor\u00f3 a la vialidad principal con sentido hacia Apizaco y choc\u00f3 por alcance contra la camioneta, proyect\u00e1ndola contra un tr\u00e1iler con contenedor color naranja. Este, a su vez, la proyect\u00f3 hacia carriles contrarios, donde choc\u00f3 con otro tr\u00e1iler adherido a una caja seca de color blanco. La camioneta qued\u00f3 atravesada en el carril que va hacia Apizaco.<\/p>\n\n\n\n<p>La zona fue ampliamente acordonada por la polic\u00eda municipal, estatal y la Guardia Nacional, quienes dieron parte a la Fiscal\u00eda General de Justicia del Estado y al Instituto de Ciencias Forenses para que realizaran las diligencias correspondientes.<\/p>\n\n\n\n<p>La carretera se encuentra cerrada en ambos sentidos mientras se trabaja para retirar las unidades involucradas en el accidente. La identidad de los fallecidos se encuentra desconocida hasta el momento, aunque se sabe que la camioneta pickup Chevy tiene placas de la Ciudad de M\u00e9xico.<\/p>\n\n\n\n<p>El conductor del Kia se encuentra en calidad de detenido, por lo que ser\u00e1n las autoridades competentes las que determinen su situaci\u00f3n legal.<\/p>\n","protected":false},"excerpt":{"rendered":"<p>Un tr\u00e1gico accidente se registr\u00f3 esta ma\u00f1ana en la carretera federal M\u00e9xico-Veracruz, kil\u00f3metro 129, entre los municipios de Xaloztoc y Tocatl\u00e1n. Dos personas, un hombre y una mujer de aproximadamente 35-40 a\u00f1os de edad, que viajaban en una camioneta Chevy tipo pickup, perdieron la vida en el percance. Seg\u00fan testigos, un veh\u00edculo Kia tipo R\u00edo [&hellip;]<\/p>\n","protected":false},"author":5,"featured_media":94735,"comment_status":"open","ping_status":"open","sticky":false,"template":"","format":"standard","meta":{"om_disable_all_campaigns":false,"_monsterinsights_skip_tracking":false,"_monsterinsights_sitenote_active":false,"_monsterinsights_sitenote_note":"","_monsterinsights_sitenote_category":0,"jnews-multi-image_gallery":[],"jnews_single_post":[],"jnews_primary_category":[],"footnotes":""},"categories":[1],"tags":[],"class_list":["post-94734","post","type-post","status-publish","format-standard","has-post-thumbnail","hentry","category-uncategorized"],"aioseo_notices":[],"_links":{"self":[{"href":"https:\/\/estado29.mx\/index.php?rest_route=\/wp\/v2\/posts\/94734","targetHints":{"allow":["GET"]}}],"collection":[{"href":"https:\/\/estado29.mx\/index.php?rest_route=\/wp\/v2\/posts"}],"about":[{"href":"https:\/\/estado29.mx\/index.php?rest_route=\/wp\/v2\/types\/post"}],"author":[{"embeddable":true,"href":"https:\/\/estado29.mx\/index.php?rest_route=\/wp\/v2\/users\/5"}],"replies":[{"embeddable":true,"href":"https:\/\/estado29.mx\/index.php?rest_route=%2Fwp%2Fv2%2Fcomments&post=94734"}],"version-history":[{"count":1,"href":"https:\/\/estado29.mx\/index.php?rest_route=\/wp\/v2\/posts\/94734\/revisions"}],"predecessor-version":[{"id":94736,"href":"https:\/\/estado29.mx\/index.php?rest_route=\/wp\/v2\/posts\/94734\/revisions\/94736"}],"wp:featuredmedia":[{"embeddable":true,"href":"https:\/\/estado29.mx\/index.php?rest_route=\/wp\/v2\/media\/94735"}],"wp:attachment":[{"href":"https:\/\/estado29.mx\/index.php?rest_route=%2Fwp%2Fv2%2Fmedia&parent=94734"}],"wp:term":[{"taxonomy":"category","embeddable":true,"href":"https:\/\/estado29.mx\/index.php?rest_route=%2Fwp%2Fv2%2Fcategories&post=94734"},{"taxonomy":"post_tag","embeddable":true,"href":"https:\/\/estado29.mx\/index.php?rest_route=%2Fwp%2Fv2%2Ftags&post=94734"}],"curies":[{"name":"wp","href":"https:\/\/api.w.org\/{rel}","templated":true}]}}