{"id":94763,"date":"2025-04-17T14:43:17","date_gmt":"2025-04-17T14:43:17","guid":{"rendered":"https:\/\/estado29.mx\/?p=94763"},"modified":"2025-04-17T14:43:17","modified_gmt":"2025-04-17T14:43:17","slug":"suspenden-actividades-de-semana-santa-en-atltzayanca-tras-contingencia","status":"publish","type":"post","link":"https:\/\/estado29.mx\/?p=94763","title":{"rendered":"Suspenden actividades de Semana Santa en Atltzayanca, tras contingencia."},"content":{"rendered":"\n<p>Paco Ugarte.&nbsp;<\/p>\n\n\n\n<p>El p\u00e1rroco de la iglesia de la parroquia de Altlzayanca, Rolando Corona Eliosa y P\u00e1nfilo Cruz, emiti\u00f3 un comunicado para anunciar la suspensi\u00f3n de las actividades propias a desarrollarse durante Semana Santa en la demarcaci\u00f3n antes citada.<\/p>\n\n\n\n<p>Esta medida con la finalidad de proteger la integridad y salud de los feligreses quienes acompa\u00f1an a las distintas actividades, despu\u00e9s de la contingencia ambiental y el fuego que contin\u00faa derivado del incendio en el cerro en San Gabriel.&nbsp;<\/p>\n\n\n\n<p>Las autoridades cat\u00f3licas en Atltzayanca invit\u00f3 a la ciudadan\u00eda a participar en los actos propios a la Semana Santa en lugares cerrados, pidiendo a Dios interceda para detener las fuertes llamas que consumen a un pulm\u00f3n importante en Atltzayanca y que lleva 3 d\u00edas.&nbsp;<\/p>\n","protected":false},"excerpt":{"rendered":"<p>Paco Ugarte.&nbsp; El p\u00e1rroco de la iglesia de la parroquia de Altlzayanca, Rolando Corona Eliosa y P\u00e1nfilo Cruz, emiti\u00f3 un comunicado para anunciar la suspensi\u00f3n de las actividades propias a desarrollarse durante Semana Santa en la demarcaci\u00f3n antes citada. Esta medida con la finalidad de proteger la integridad y salud de los feligreses quienes acompa\u00f1an [&hellip;]<\/p>\n","protected":false},"author":5,"featured_media":94764,"comment_status":"open","ping_status":"open","sticky":false,"template":"","format":"standard","meta":{"om_disable_all_campaigns":false,"_monsterinsights_skip_tracking":false,"_monsterinsights_sitenote_active":false,"_monsterinsights_sitenote_note":"","_monsterinsights_sitenote_category":0,"jnews-multi-image_gallery":[],"jnews_single_post":[],"jnews_primary_category":[],"footnotes":""},"categories":[1],"tags":[],"class_list":["post-94763","post","type-post","status-publish","format-standard","has-post-thumbnail","hentry","category-uncategorized"],"aioseo_notices":[],"_links":{"self":[{"href":"https:\/\/estado29.mx\/index.php?rest_route=\/wp\/v2\/posts\/94763","targetHints":{"allow":["GET"]}}],"collection":[{"href":"https:\/\/estado29.mx\/index.php?rest_route=\/wp\/v2\/posts"}],"about":[{"href":"https:\/\/estado29.mx\/index.php?rest_route=\/wp\/v2\/types\/post"}],"author":[{"embeddable":true,"href":"https:\/\/estado29.mx\/index.php?rest_route=\/wp\/v2\/users\/5"}],"replies":[{"embeddable":true,"href":"https:\/\/estado29.mx\/index.php?rest_route=%2Fwp%2Fv2%2Fcomments&post=94763"}],"version-history":[{"count":1,"href":"https:\/\/estado29.mx\/index.php?rest_route=\/wp\/v2\/posts\/94763\/revisions"}],"predecessor-version":[{"id":94765,"href":"https:\/\/estado29.mx\/index.php?rest_route=\/wp\/v2\/posts\/94763\/revisions\/94765"}],"wp:featuredmedia":[{"embeddable":true,"href":"https:\/\/estado29.mx\/index.php?rest_route=\/wp\/v2\/media\/94764"}],"wp:attachment":[{"href":"https:\/\/estado29.mx\/index.php?rest_route=%2Fwp%2Fv2%2Fmedia&parent=94763"}],"wp:term":[{"taxonomy":"category","embeddable":true,"href":"https:\/\/estado29.mx\/index.php?rest_route=%2Fwp%2Fv2%2Fcategories&post=94763"},{"taxonomy":"post_tag","embeddable":true,"href":"https:\/\/estado29.mx\/index.php?rest_route=%2Fwp%2Fv2%2Ftags&post=94763"}],"curies":[{"name":"wp","href":"https:\/\/api.w.org\/{rel}","templated":true}]}}