{"id":94769,"date":"2025-04-17T17:44:38","date_gmt":"2025-04-17T17:44:38","guid":{"rendered":"https:\/\/estado29.mx\/?p=94769"},"modified":"2025-04-17T17:44:38","modified_gmt":"2025-04-17T17:44:38","slug":"inicia-ley-seca-en-huamantla","status":"publish","type":"post","link":"https:\/\/estado29.mx\/?p=94769","title":{"rendered":"Inicia Ley Seca en Huamantla."},"content":{"rendered":"\n<p>Este jueves 17 de abril se dio inicio a la suspensi\u00f3n de la venta de bebidas embriagantes en todo Huamantla.<\/p>\n\n\n\n<p>Tal y como se hab\u00eda mencionado las autoridades, la suspensi\u00f3n en la venta de alcohol es con la finalidad de evitar incidentes que puedan ocurrir en las diferentes comunidades de Humantla<\/p>\n\n\n\n<p>Tomemos en cuenta que con esto ya mencionado habra sanciones a quienes no acaten con las disposiciones hechas por las autoridades.<\/p>\n","protected":false},"excerpt":{"rendered":"<p>Este jueves 17 de abril se dio inicio a la suspensi\u00f3n de la venta de bebidas embriagantes en todo Huamantla. Tal y como se hab\u00eda mencionado las autoridades, la suspensi\u00f3n en la venta de alcohol es con la finalidad de evitar incidentes que puedan ocurrir en las diferentes comunidades de Humantla Tomemos en cuenta que [&hellip;]<\/p>\n","protected":false},"author":5,"featured_media":94770,"comment_status":"open","ping_status":"open","sticky":false,"template":"","format":"standard","meta":{"om_disable_all_campaigns":false,"_monsterinsights_skip_tracking":false,"_monsterinsights_sitenote_active":false,"_monsterinsights_sitenote_note":"","_monsterinsights_sitenote_category":0,"jnews-multi-image_gallery":[],"jnews_single_post":[],"jnews_primary_category":[],"footnotes":""},"categories":[1],"tags":[],"class_list":["post-94769","post","type-post","status-publish","format-standard","has-post-thumbnail","hentry","category-uncategorized"],"aioseo_notices":[],"_links":{"self":[{"href":"https:\/\/estado29.mx\/index.php?rest_route=\/wp\/v2\/posts\/94769","targetHints":{"allow":["GET"]}}],"collection":[{"href":"https:\/\/estado29.mx\/index.php?rest_route=\/wp\/v2\/posts"}],"about":[{"href":"https:\/\/estado29.mx\/index.php?rest_route=\/wp\/v2\/types\/post"}],"author":[{"embeddable":true,"href":"https:\/\/estado29.mx\/index.php?rest_route=\/wp\/v2\/users\/5"}],"replies":[{"embeddable":true,"href":"https:\/\/estado29.mx\/index.php?rest_route=%2Fwp%2Fv2%2Fcomments&post=94769"}],"version-history":[{"count":1,"href":"https:\/\/estado29.mx\/index.php?rest_route=\/wp\/v2\/posts\/94769\/revisions"}],"predecessor-version":[{"id":94771,"href":"https:\/\/estado29.mx\/index.php?rest_route=\/wp\/v2\/posts\/94769\/revisions\/94771"}],"wp:featuredmedia":[{"embeddable":true,"href":"https:\/\/estado29.mx\/index.php?rest_route=\/wp\/v2\/media\/94770"}],"wp:attachment":[{"href":"https:\/\/estado29.mx\/index.php?rest_route=%2Fwp%2Fv2%2Fmedia&parent=94769"}],"wp:term":[{"taxonomy":"category","embeddable":true,"href":"https:\/\/estado29.mx\/index.php?rest_route=%2Fwp%2Fv2%2Fcategories&post=94769"},{"taxonomy":"post_tag","embeddable":true,"href":"https:\/\/estado29.mx\/index.php?rest_route=%2Fwp%2Fv2%2Ftags&post=94769"}],"curies":[{"name":"wp","href":"https:\/\/api.w.org\/{rel}","templated":true}]}}