{"id":94786,"date":"2025-04-18T15:36:11","date_gmt":"2025-04-18T15:36:11","guid":{"rendered":"https:\/\/estado29.mx\/?p=94786"},"modified":"2025-04-18T15:36:11","modified_gmt":"2025-04-18T15:36:11","slug":"habra-servicio-normal-de-recoleccion-de-basura-en-huamantla","status":"publish","type":"post","link":"https:\/\/estado29.mx\/?p=94786","title":{"rendered":"Habr\u00e1 servicio normal de recolecci\u00f3n de basura en Huamantla."},"content":{"rendered":"\n<p>Paco Ugarte.<\/p>\n\n\n\n<p>Miguel Salinas, Coordinador de Servicios P\u00fablicos Municipales en Huamantla, dio a conocer que durante este Viernes Santo y S\u00e1bado de Gloria el servicio de recolecci\u00f3n de basura se mantiene de manera normal.<\/p>\n\n\n\n<p>Puntualiz\u00f3 que derivado de la alta demanda y para mantener una ciudad limpia, el servicio no se detendr\u00e1, por lo que invit\u00f3 a los ciudadanos a mantener una comunidad y ciudad limpia.<\/p>\n\n\n\n<p>Recomend\u00f3 esperar la ruta del cami\u00f3n recolector para poder depositar sus residuos, siempre y cuanto est\u00e9n dentro del d\u00eda y la hora establecidas de manera habitual.<\/p>\n","protected":false},"excerpt":{"rendered":"<p>Paco Ugarte. Miguel Salinas, Coordinador de Servicios P\u00fablicos Municipales en Huamantla, dio a conocer que durante este Viernes Santo y S\u00e1bado de Gloria el servicio de recolecci\u00f3n de basura se mantiene de manera normal. Puntualiz\u00f3 que derivado de la alta demanda y para mantener una ciudad limpia, el servicio no se detendr\u00e1, por lo que [&hellip;]<\/p>\n","protected":false},"author":5,"featured_media":94787,"comment_status":"open","ping_status":"open","sticky":false,"template":"","format":"standard","meta":{"om_disable_all_campaigns":false,"_monsterinsights_skip_tracking":false,"_monsterinsights_sitenote_active":false,"_monsterinsights_sitenote_note":"","_monsterinsights_sitenote_category":0,"jnews-multi-image_gallery":[],"jnews_single_post":[],"jnews_primary_category":[],"footnotes":""},"categories":[1],"tags":[],"class_list":["post-94786","post","type-post","status-publish","format-standard","has-post-thumbnail","hentry","category-uncategorized"],"aioseo_notices":[],"_links":{"self":[{"href":"https:\/\/estado29.mx\/index.php?rest_route=\/wp\/v2\/posts\/94786","targetHints":{"allow":["GET"]}}],"collection":[{"href":"https:\/\/estado29.mx\/index.php?rest_route=\/wp\/v2\/posts"}],"about":[{"href":"https:\/\/estado29.mx\/index.php?rest_route=\/wp\/v2\/types\/post"}],"author":[{"embeddable":true,"href":"https:\/\/estado29.mx\/index.php?rest_route=\/wp\/v2\/users\/5"}],"replies":[{"embeddable":true,"href":"https:\/\/estado29.mx\/index.php?rest_route=%2Fwp%2Fv2%2Fcomments&post=94786"}],"version-history":[{"count":1,"href":"https:\/\/estado29.mx\/index.php?rest_route=\/wp\/v2\/posts\/94786\/revisions"}],"predecessor-version":[{"id":94788,"href":"https:\/\/estado29.mx\/index.php?rest_route=\/wp\/v2\/posts\/94786\/revisions\/94788"}],"wp:featuredmedia":[{"embeddable":true,"href":"https:\/\/estado29.mx\/index.php?rest_route=\/wp\/v2\/media\/94787"}],"wp:attachment":[{"href":"https:\/\/estado29.mx\/index.php?rest_route=%2Fwp%2Fv2%2Fmedia&parent=94786"}],"wp:term":[{"taxonomy":"category","embeddable":true,"href":"https:\/\/estado29.mx\/index.php?rest_route=%2Fwp%2Fv2%2Fcategories&post=94786"},{"taxonomy":"post_tag","embeddable":true,"href":"https:\/\/estado29.mx\/index.php?rest_route=%2Fwp%2Fv2%2Ftags&post=94786"}],"curies":[{"name":"wp","href":"https:\/\/api.w.org\/{rel}","templated":true}]}}