{"id":94801,"date":"2025-04-21T22:55:38","date_gmt":"2025-04-21T22:55:38","guid":{"rendered":"https:\/\/estado29.mx\/?p=94801"},"modified":"2025-04-21T22:55:41","modified_gmt":"2025-04-21T22:55:41","slug":"se-une-huamantla-a-plegarias-por-la-muerte-del-papa-francisco","status":"publish","type":"post","link":"https:\/\/estado29.mx\/?p=94801","title":{"rendered":"Se une Huamantla a plegarias por la muerte del papa Francisco."},"content":{"rendered":"\n<p>Paco Ugarte.<\/p>\n\n\n\n<p>La Di\u00f3cesis de Tlaxcala, anunci\u00f3 que se sumar\u00eda a la serie de plegarias por motivo de la muerte del papa Francisco este 21 de Abril.<\/p>\n\n\n\n<p>Entre las actividades que se realizaron en distintas parroquias, fue el doblar de las campanas durante 1 hora, a las que Huamantla y sus templos se sumaron.<\/p>\n\n\n\n<p>Recordar que el papa Francisco falleci\u00f3 este este 21 de abril por un accidente cerebrovascular, se produce cuando se interrumpe el flujo de sangre al cerebro.<\/p>\n\n\n\n<p>El Santo Padre, de 88 a\u00f1os, hab\u00eda enfrentado diversos problemas de salud en los \u00faltimos a\u00f1os, pero continu\u00f3 con sus labores pastorales hasta el final. Su partida deja un profundo vac\u00edo en la Iglesia Cat\u00f3lica y abre una nueva etapa en el Vaticano.<\/p>\n","protected":false},"excerpt":{"rendered":"<p>Paco Ugarte. La Di\u00f3cesis de Tlaxcala, anunci\u00f3 que se sumar\u00eda a la serie de plegarias por motivo de la muerte del papa Francisco este 21 de Abril. Entre las actividades que se realizaron en distintas parroquias, fue el doblar de las campanas durante 1 hora, a las que Huamantla y sus templos se sumaron. Recordar [&hellip;]<\/p>\n","protected":false},"author":5,"featured_media":94802,"comment_status":"open","ping_status":"open","sticky":false,"template":"","format":"standard","meta":{"om_disable_all_campaigns":false,"_monsterinsights_skip_tracking":false,"_monsterinsights_sitenote_active":false,"_monsterinsights_sitenote_note":"","_monsterinsights_sitenote_category":0,"jnews-multi-image_gallery":[],"jnews_single_post":[],"jnews_primary_category":[],"footnotes":""},"categories":[1],"tags":[],"class_list":["post-94801","post","type-post","status-publish","format-standard","has-post-thumbnail","hentry","category-uncategorized"],"aioseo_notices":[],"_links":{"self":[{"href":"https:\/\/estado29.mx\/index.php?rest_route=\/wp\/v2\/posts\/94801","targetHints":{"allow":["GET"]}}],"collection":[{"href":"https:\/\/estado29.mx\/index.php?rest_route=\/wp\/v2\/posts"}],"about":[{"href":"https:\/\/estado29.mx\/index.php?rest_route=\/wp\/v2\/types\/post"}],"author":[{"embeddable":true,"href":"https:\/\/estado29.mx\/index.php?rest_route=\/wp\/v2\/users\/5"}],"replies":[{"embeddable":true,"href":"https:\/\/estado29.mx\/index.php?rest_route=%2Fwp%2Fv2%2Fcomments&post=94801"}],"version-history":[{"count":1,"href":"https:\/\/estado29.mx\/index.php?rest_route=\/wp\/v2\/posts\/94801\/revisions"}],"predecessor-version":[{"id":94803,"href":"https:\/\/estado29.mx\/index.php?rest_route=\/wp\/v2\/posts\/94801\/revisions\/94803"}],"wp:featuredmedia":[{"embeddable":true,"href":"https:\/\/estado29.mx\/index.php?rest_route=\/wp\/v2\/media\/94802"}],"wp:attachment":[{"href":"https:\/\/estado29.mx\/index.php?rest_route=%2Fwp%2Fv2%2Fmedia&parent=94801"}],"wp:term":[{"taxonomy":"category","embeddable":true,"href":"https:\/\/estado29.mx\/index.php?rest_route=%2Fwp%2Fv2%2Fcategories&post=94801"},{"taxonomy":"post_tag","embeddable":true,"href":"https:\/\/estado29.mx\/index.php?rest_route=%2Fwp%2Fv2%2Ftags&post=94801"}],"curies":[{"name":"wp","href":"https:\/\/api.w.org\/{rel}","templated":true}]}}