{"id":94807,"date":"2025-04-22T02:20:34","date_gmt":"2025-04-22T02:20:34","guid":{"rendered":"https:\/\/estado29.mx\/?p=94807"},"modified":"2025-04-22T02:20:38","modified_gmt":"2025-04-22T02:20:38","slug":"4ccid3nt3-vial-en-la-perote-amozoc-a-la-altura-de-zitlaltepec-deja-danos-materiales","status":"publish","type":"post","link":"https:\/\/estado29.mx\/?p=94807","title":{"rendered":"4ccid3nt3 vial en la Perote &#8211; Amozoc a la altura de Zitlaltepec deja da\u00f1os materiales."},"content":{"rendered":"\n<p>Paco Ugarte.<\/p>\n\n\n\n<p>Durante la tarde noche de este lunes se registr\u00f3 un percance vehicular sobre la autopista Amozoc &#8211; Perote a la altura del municipio de San Pablo Zitlaltepec<\/p>\n\n\n\n<p>De acuerdo con los primeros informes, la causa probable del incidente fue la intensa lluvia que se registr\u00f3 en la zona, lo que ocasion\u00f3 que el pavimento se volviera resbaloso y redujera la visibilidad de los conductores.<\/p>\n\n\n\n<p>El percance gener\u00f3 tr\u00e1fico denso y largas filas de automovilistas, el choque involucr\u00f3 a dos autom\u00f3viles, cuyos ocupantes fueron atendidos por los cuerpos de emergencia.<\/p>\n\n\n\n<p>Autoridades de tr\u00e1nsito recomiendan a los conductores evitar la zona afectada, mientras se realizaron las labores para liberar por completo la vialidad tarden varias horas. Protecci\u00f3n Civil mantiene presencia en el lugar para coordinar el flujo vehicular y prevenir nuevos incidentes debido a las condiciones climatol\u00f3gicas.<\/p>\n","protected":false},"excerpt":{"rendered":"<p>Paco Ugarte. Durante la tarde noche de este lunes se registr\u00f3 un percance vehicular sobre la autopista Amozoc &#8211; Perote a la altura del municipio de San Pablo Zitlaltepec De acuerdo con los primeros informes, la causa probable del incidente fue la intensa lluvia que se registr\u00f3 en la zona, lo que ocasion\u00f3 que el [&hellip;]<\/p>\n","protected":false},"author":5,"featured_media":94808,"comment_status":"open","ping_status":"open","sticky":false,"template":"","format":"standard","meta":{"om_disable_all_campaigns":false,"_monsterinsights_skip_tracking":false,"_monsterinsights_sitenote_active":false,"_monsterinsights_sitenote_note":"","_monsterinsights_sitenote_category":0,"jnews-multi-image_gallery":[],"jnews_single_post":[],"jnews_primary_category":[],"footnotes":""},"categories":[1],"tags":[],"class_list":["post-94807","post","type-post","status-publish","format-standard","has-post-thumbnail","hentry","category-uncategorized"],"aioseo_notices":[],"_links":{"self":[{"href":"https:\/\/estado29.mx\/index.php?rest_route=\/wp\/v2\/posts\/94807","targetHints":{"allow":["GET"]}}],"collection":[{"href":"https:\/\/estado29.mx\/index.php?rest_route=\/wp\/v2\/posts"}],"about":[{"href":"https:\/\/estado29.mx\/index.php?rest_route=\/wp\/v2\/types\/post"}],"author":[{"embeddable":true,"href":"https:\/\/estado29.mx\/index.php?rest_route=\/wp\/v2\/users\/5"}],"replies":[{"embeddable":true,"href":"https:\/\/estado29.mx\/index.php?rest_route=%2Fwp%2Fv2%2Fcomments&post=94807"}],"version-history":[{"count":1,"href":"https:\/\/estado29.mx\/index.php?rest_route=\/wp\/v2\/posts\/94807\/revisions"}],"predecessor-version":[{"id":94809,"href":"https:\/\/estado29.mx\/index.php?rest_route=\/wp\/v2\/posts\/94807\/revisions\/94809"}],"wp:featuredmedia":[{"embeddable":true,"href":"https:\/\/estado29.mx\/index.php?rest_route=\/wp\/v2\/media\/94808"}],"wp:attachment":[{"href":"https:\/\/estado29.mx\/index.php?rest_route=%2Fwp%2Fv2%2Fmedia&parent=94807"}],"wp:term":[{"taxonomy":"category","embeddable":true,"href":"https:\/\/estado29.mx\/index.php?rest_route=%2Fwp%2Fv2%2Fcategories&post=94807"},{"taxonomy":"post_tag","embeddable":true,"href":"https:\/\/estado29.mx\/index.php?rest_route=%2Fwp%2Fv2%2Ftags&post=94807"}],"curies":[{"name":"wp","href":"https:\/\/api.w.org\/{rel}","templated":true}]}}