{"id":94811,"date":"2025-04-22T21:43:25","date_gmt":"2025-04-22T21:43:25","guid":{"rendered":"https:\/\/estado29.mx\/?p=94811"},"modified":"2025-04-22T21:43:25","modified_gmt":"2025-04-22T21:43:25","slug":"reconocen-labor-del-grupo-ecologico-del-carmen-tequextitla-en-el-combate-del-incendio-en-atltzayanca","status":"publish","type":"post","link":"https:\/\/estado29.mx\/?p=94811","title":{"rendered":"Reconocen labor del Grupo Ecol\u00f3gico del Carmen Tequextitla en el combate del incendio en Atltzayanca."},"content":{"rendered":"\n<p>Leonel Cer\u00f3n, ambientalista perteneciente al municipio de Atltzayanca, reconoci\u00f3 y agradeci\u00f3 el apoyo de voluntarios y brigadistas del Grupo Ecol\u00f3gico de El Carmen Tequexquitla, tras apoyar a los trabajos para mitigar el fuego que dur\u00f3 al menos 5 d\u00edas en el cerro de San Gabriel en Atltzayanca.<\/p>\n\n\n\n<p>Se\u00f1al\u00f3 que desde el primer d\u00eda, inici\u00f3 con los trabajos de coordinaci\u00f3n para y controlar el incendio que consumi\u00f3 m\u00e1s de 2 mil hect\u00e1reas.<\/p>\n\n\n\n<p>Agradeci\u00f3 a Jos\u00e9 Maria Cueto Mendez, regidor del municipio de Tequexquitla, quien tambi\u00e9n apoy\u00f3 para brindar las herramientas necesarias y coadyuvar con el resto de brigadistas y voluntarios para sofocar el fuego.<\/p>\n\n\n\n<p>Leonel Cer\u00f3n, se comprometi\u00f3 a generar acciones para reforestar las reas afectadas, buscando a m\u00e1s personas, asociaciones y diferentes entes para hacer reverdecer uno de los pulmones m\u00e1s importantes en Atltzayanca.<\/p>\n","protected":false},"excerpt":{"rendered":"<p>Leonel Cer\u00f3n, ambientalista perteneciente al municipio de Atltzayanca, reconoci\u00f3 y agradeci\u00f3 el apoyo de voluntarios y brigadistas del Grupo Ecol\u00f3gico de El Carmen Tequexquitla, tras apoyar a los trabajos para mitigar el fuego que dur\u00f3 al menos 5 d\u00edas en el cerro de San Gabriel en Atltzayanca. Se\u00f1al\u00f3 que desde el primer d\u00eda, inici\u00f3 con [&hellip;]<\/p>\n","protected":false},"author":5,"featured_media":94812,"comment_status":"open","ping_status":"open","sticky":false,"template":"","format":"standard","meta":{"om_disable_all_campaigns":false,"_monsterinsights_skip_tracking":false,"_monsterinsights_sitenote_active":false,"_monsterinsights_sitenote_note":"","_monsterinsights_sitenote_category":0,"jnews-multi-image_gallery":[],"jnews_single_post":[],"jnews_primary_category":[],"footnotes":""},"categories":[1],"tags":[],"class_list":["post-94811","post","type-post","status-publish","format-standard","has-post-thumbnail","hentry","category-uncategorized"],"aioseo_notices":[],"_links":{"self":[{"href":"https:\/\/estado29.mx\/index.php?rest_route=\/wp\/v2\/posts\/94811","targetHints":{"allow":["GET"]}}],"collection":[{"href":"https:\/\/estado29.mx\/index.php?rest_route=\/wp\/v2\/posts"}],"about":[{"href":"https:\/\/estado29.mx\/index.php?rest_route=\/wp\/v2\/types\/post"}],"author":[{"embeddable":true,"href":"https:\/\/estado29.mx\/index.php?rest_route=\/wp\/v2\/users\/5"}],"replies":[{"embeddable":true,"href":"https:\/\/estado29.mx\/index.php?rest_route=%2Fwp%2Fv2%2Fcomments&post=94811"}],"version-history":[{"count":2,"href":"https:\/\/estado29.mx\/index.php?rest_route=\/wp\/v2\/posts\/94811\/revisions"}],"predecessor-version":[{"id":94814,"href":"https:\/\/estado29.mx\/index.php?rest_route=\/wp\/v2\/posts\/94811\/revisions\/94814"}],"wp:featuredmedia":[{"embeddable":true,"href":"https:\/\/estado29.mx\/index.php?rest_route=\/wp\/v2\/media\/94812"}],"wp:attachment":[{"href":"https:\/\/estado29.mx\/index.php?rest_route=%2Fwp%2Fv2%2Fmedia&parent=94811"}],"wp:term":[{"taxonomy":"category","embeddable":true,"href":"https:\/\/estado29.mx\/index.php?rest_route=%2Fwp%2Fv2%2Fcategories&post=94811"},{"taxonomy":"post_tag","embeddable":true,"href":"https:\/\/estado29.mx\/index.php?rest_route=%2Fwp%2Fv2%2Ftags&post=94811"}],"curies":[{"name":"wp","href":"https:\/\/api.w.org\/{rel}","templated":true}]}}