{"id":94830,"date":"2025-04-23T18:16:48","date_gmt":"2025-04-23T18:16:48","guid":{"rendered":"https:\/\/estado29.mx\/?p=94830"},"modified":"2025-04-23T18:16:48","modified_gmt":"2025-04-23T18:16:48","slug":"%f0%9f%92%89-anuncian-semana-nacional-de-vacunacion-en-la-jurisdiccion-ii-de-huamantlahuamantla-tlaxcala","status":"publish","type":"post","link":"https:\/\/estado29.mx\/?p=94830","title":{"rendered":"\ud83d\udc89 Anuncian Semana Nacional de Vacunaci\u00f3n en la Jurisdicci\u00f3n II de HuamantlaHuamantla, Tlaxcala."},"content":{"rendered":"\n<figure class=\"wp-block-image size-large\"><img loading=\"lazy\" decoding=\"async\" width=\"1024\" height=\"736\" src=\"http:\/\/estado29.mx\/wp-content\/uploads\/2025\/04\/1000337620-1-1024x736.jpg\" alt=\"\" class=\"wp-image-94832\" srcset=\"https:\/\/estado29.mx\/wp-content\/uploads\/2025\/04\/1000337620-1-1024x736.jpg 1024w, https:\/\/estado29.mx\/wp-content\/uploads\/2025\/04\/1000337620-1-300x216.jpg 300w, https:\/\/estado29.mx\/wp-content\/uploads\/2025\/04\/1000337620-1-768x552.jpg 768w, https:\/\/estado29.mx\/wp-content\/uploads\/2025\/04\/1000337620-1-1536x1104.jpg 1536w, https:\/\/estado29.mx\/wp-content\/uploads\/2025\/04\/1000337620-1-120x86.jpg 120w, https:\/\/estado29.mx\/wp-content\/uploads\/2025\/04\/1000337620-1-750x539.jpg 750w, https:\/\/estado29.mx\/wp-content\/uploads\/2025\/04\/1000337620-1-1140x819.jpg 1140w, https:\/\/estado29.mx\/wp-content\/uploads\/2025\/04\/1000337620-1.jpg 1600w\" sizes=\"auto, (max-width: 1024px) 100vw, 1024px\" \/><\/figure>\n\n\n\n<p>El Dr. Agust\u00edn V\u00e9lez P\u00e9rez, representante del Distrito II y de la Jurisdicci\u00f3n Sanitaria II con sede en Huamantla, inform\u00f3 sobre el arranque de una estrategia integral de salud que contempla la aplicaci\u00f3n de diversas vacunas para todos los grupos de edad, en coordinaci\u00f3n con el Gobierno Federal y Estatal.\ud83d\uddd3\ufe0f La Semana Nacional de Vacunaci\u00f3n se llevar\u00e1 a cabo del s\u00e1bado 26 de abril al viernes 3 de mayo y desplegar\u00e1 puestos de vacunaci\u00f3n en los 12 municipios que integran esta jurisdicci\u00f3n.<\/p>\n\n\n\n<p>\ud83d\udccd Inicio de actividades <\/p>\n\n\n\n<p>\u2013 S\u00e1bado 26 de Abril desde las 8:30 de la ma\u00f1ana se instalar\u00e1n m\u00f3dulos de vacunaci\u00f3n en distintos barrios de Huamantla, entre ellos:<\/p>\n\n\n\n<p>San Antonio<\/p>\n\n\n\n<p>San Francisco Yancuitlalpan<\/p>\n\n\n\n<p>Santa Mar\u00eda Yancuitlalpan<\/p>\n\n\n\n<p>San Sebasti\u00e1n<\/p>\n\n\n\n<p>Santa Anita<\/p>\n\n\n\n<p>Infonavit 15 de Agosto<\/p>\n\n\n\n<p>San Lucas<\/p>\n\n\n\n<p>Col. Emiliano Zapata<\/p>\n\n\n\n<p>Volcanes 1 y 2<\/p>\n\n\n\n<p>La PreciosaCentro (Parque de Huamantla)<\/p>\n\n\n\n<p>Nuevos Horizontes<\/p>\n\n\n\n<p>Ignacio Zaragoza<\/p>\n\n\n\n<p>San Carlos<\/p>\n\n\n\n<p>Uni\u00f3n y Progreso\u27a1\ufe0f <\/p>\n\n\n\n<p>Las comunidades pueden acercarse a sus presidencias de comunidad para conocer las fechas y horarios espec\u00edficos en cada localidad.<\/p>\n\n\n\n<p>\ud83d\udc89 Vacunas disponibles por grupo de edad:\ud83d\udc76 Menores de 1 a\u00f1o:BCG (Tuberculosis)Hepatitis B (primeros 7 d\u00edas)Hexavalente (2, 4, 6 y 18 meses)Rotavirus (2 y 4 meses)Neumococo (2 y 4 meses)<\/p>\n\n\n\n<p>\ud83e\uddd2 Menores de 5 a\u00f1os:Triple viral (Sarampi\u00f3n, Rub\u00e9ola y Parotiditis)DPT (Difteria, Tosferina, T\u00e9tanos)Neumococo\ud83e\udd30 Mujeres embarazadas:TDPA (T\u00e9tanos, Difteria y Tosferina)Ni\u00f1os menores de 5 a\u00f1os:Suplementaci\u00f3n de vitamina A<\/p>\n\n\n\n<p>\ud83e\uddd1\u200d\ud83c\udf93 Adolescentes:Doble viral (si no cuenta con esquema completo)Hepatitis BVPH (ni\u00f1as de 5\u00ba de primaria)\ud83d\udc68\u200d\ud83d\udc69\u200d\ud83d\udc67\u200d\ud83d\udc66 Adultos (20 a 59 a\u00f1os):TD (T\u00e9tanos y Difteria)Doble viralHepatitis B (seg\u00fan necesidad)<\/p>\n\n\n\n<p>\ud83d\udc74 Adultos mayores (60+):Neumococo\ud83e\udeaa Requisitos:Las personas interesadas deben acudir con su Cartilla Nacional de Salud. En caso de no contar con ella, se puede solicitar en el mismo puesto de vacunaci\u00f3n presentando copia de su CURP o INE.<\/p>\n\n\n\n<p>\ud83d\udce2 El Dr. V\u00e9lez P\u00e9rez reiter\u00f3 la importancia de esta campa\u00f1a y llam\u00f3 a la poblaci\u00f3n a participar activamente, confiando en la seguridad y beneficios de las vacunas.Para m\u00e1s informaci\u00f3n, acude a tu centro de salud o presidencia de comunidad.<\/p>\n\n\n\n<p><\/p>\n","protected":false},"excerpt":{"rendered":"<p>El Dr. Agust\u00edn V\u00e9lez P\u00e9rez, representante del Distrito II y de la Jurisdicci\u00f3n Sanitaria II con sede en Huamantla, inform\u00f3 sobre el arranque de una estrategia integral de salud que contempla la aplicaci\u00f3n de diversas vacunas para todos los grupos de edad, en coordinaci\u00f3n con el Gobierno Federal y Estatal.\ud83d\uddd3\ufe0f La Semana Nacional de Vacunaci\u00f3n [&hellip;]<\/p>\n","protected":false},"author":9,"featured_media":0,"comment_status":"open","ping_status":"open","sticky":false,"template":"","format":"standard","meta":{"om_disable_all_campaigns":false,"_monsterinsights_skip_tracking":false,"_monsterinsights_sitenote_active":false,"_monsterinsights_sitenote_note":"","_monsterinsights_sitenote_category":0,"jnews-multi-image_gallery":[],"jnews_single_post":[],"jnews_primary_category":[],"footnotes":""},"categories":[1],"tags":[],"class_list":["post-94830","post","type-post","status-publish","format-standard","hentry","category-uncategorized"],"aioseo_notices":[],"_links":{"self":[{"href":"https:\/\/estado29.mx\/index.php?rest_route=\/wp\/v2\/posts\/94830","targetHints":{"allow":["GET"]}}],"collection":[{"href":"https:\/\/estado29.mx\/index.php?rest_route=\/wp\/v2\/posts"}],"about":[{"href":"https:\/\/estado29.mx\/index.php?rest_route=\/wp\/v2\/types\/post"}],"author":[{"embeddable":true,"href":"https:\/\/estado29.mx\/index.php?rest_route=\/wp\/v2\/users\/9"}],"replies":[{"embeddable":true,"href":"https:\/\/estado29.mx\/index.php?rest_route=%2Fwp%2Fv2%2Fcomments&post=94830"}],"version-history":[{"count":2,"href":"https:\/\/estado29.mx\/index.php?rest_route=\/wp\/v2\/posts\/94830\/revisions"}],"predecessor-version":[{"id":94834,"href":"https:\/\/estado29.mx\/index.php?rest_route=\/wp\/v2\/posts\/94830\/revisions\/94834"}],"wp:attachment":[{"href":"https:\/\/estado29.mx\/index.php?rest_route=%2Fwp%2Fv2%2Fmedia&parent=94830"}],"wp:term":[{"taxonomy":"category","embeddable":true,"href":"https:\/\/estado29.mx\/index.php?rest_route=%2Fwp%2Fv2%2Fcategories&post=94830"},{"taxonomy":"post_tag","embeddable":true,"href":"https:\/\/estado29.mx\/index.php?rest_route=%2Fwp%2Fv2%2Ftags&post=94830"}],"curies":[{"name":"wp","href":"https:\/\/api.w.org\/{rel}","templated":true}]}}