{"id":94843,"date":"2025-04-23T23:42:00","date_gmt":"2025-04-23T23:42:00","guid":{"rendered":"https:\/\/estado29.mx\/?p=94843"},"modified":"2025-04-23T23:42:00","modified_gmt":"2025-04-23T23:42:00","slug":"inicia-red-nacional-de-tejedoras-de-la-patria-con-el-objetivo-de-que-las-mujeres-nos-protejamos-entre-todas-presidenta-claudia-sheinbaum","status":"publish","type":"post","link":"https:\/\/estado29.mx\/?p=94843","title":{"rendered":"Inicia red nacional de tejedoras de la patria con el objetivo de que las mujeres nos protejamos entre todas: presidenta Claudia Sheinbaum."},"content":{"rendered":"<figure class=\"wp-block-post-featured-image\"><img loading=\"lazy\" decoding=\"async\" width=\"1600\" height=\"1064\" src=\"https:\/\/estado29.mx\/wp-content\/uploads\/2025\/04\/WhatsApp-Image-2025-04-23-at-5.39.59-PM.jpeg\" class=\"attachment-post-thumbnail size-post-thumbnail wp-post-image\" alt=\"\" style=\"object-fit:cover;\" srcset=\"https:\/\/estado29.mx\/wp-content\/uploads\/2025\/04\/WhatsApp-Image-2025-04-23-at-5.39.59-PM.jpeg 1600w, https:\/\/estado29.mx\/wp-content\/uploads\/2025\/04\/WhatsApp-Image-2025-04-23-at-5.39.59-PM-300x200.jpeg 300w, https:\/\/estado29.mx\/wp-content\/uploads\/2025\/04\/WhatsApp-Image-2025-04-23-at-5.39.59-PM-1024x681.jpeg 1024w, https:\/\/estado29.mx\/wp-content\/uploads\/2025\/04\/WhatsApp-Image-2025-04-23-at-5.39.59-PM-768x511.jpeg 768w, https:\/\/estado29.mx\/wp-content\/uploads\/2025\/04\/WhatsApp-Image-2025-04-23-at-5.39.59-PM-1536x1021.jpeg 1536w, https:\/\/estado29.mx\/wp-content\/uploads\/2025\/04\/WhatsApp-Image-2025-04-23-at-5.39.59-PM-750x499.jpeg 750w, https:\/\/estado29.mx\/wp-content\/uploads\/2025\/04\/WhatsApp-Image-2025-04-23-at-5.39.59-PM-1140x758.jpeg 1140w\" sizes=\"auto, (max-width: 1600px) 100vw, 1600px\" \/><\/figure>\n\n\n<p>La Presidenta de M\u00e9xico, Claudia Sheinbaum Pardo, anunci\u00f3 la puesta en marcha de Pol\u00edticas de Bienestar para las Mujeres con el inicio de la Red Nacional de Tejedoras de la Patria; la creaci\u00f3n este a\u00f1o de 678 Centros LIBRE para las Mujeres en todo el pa\u00eds con apoyo de las y los gobernadores; adem\u00e1s de que a partir del 1\u00b0 de mayo se pondr\u00e1 en operaci\u00f3n la nueva L\u00ednea de las Mujeres 079 opci\u00f3n 1; comenzar\u00e1 el registro para las Abogadas de las Mujeres y se realizar\u00e1n de mayo a julio las primeras 300 Asambleas de Mujeres \u201cVoces por la igualdad y contra las violencias\u201d en lugares donde se registra mayor violencia de g\u00e9nero.<\/p>\n\n\n\n<p>\u201cInicia la Red de Mujeres Tejedoras de la Patria. Cualquier mujer mexicana puede inscribirse en nuestro territorio o fuera de nuestro territorio; y el objetivo de esta red, que es de voluntarias, es tener grupos de mujeres que nos protejamos entre nosotras y que podamos desarrollarnos. Ese es el primero. El segundo, Centro LIBRE para las Mujeres, con el apoyo de todas las gobernadoras y gobernadores del pa\u00eds, que van a ser Centros de Atenci\u00f3n a las Mujeres de M\u00e9xico. El tercero, la l\u00ednea 079, opci\u00f3n \u201c1\u201d, que va a empezar a funcionar a partir del 1\u00ba de mayo, para atenci\u00f3n a las mujeres que viven violencias. El cuarto, abogadas de las mujeres. Abogadas que quieran ser parte de la Secretar\u00eda de las Mujeres e incorporarse como abogadas de mujeres que viven violencias, pueden inscribirse y ah\u00ed van a ser seleccionadas para ser abogadas de las mujeres&#8221;.<\/p>\n\n\n\n<p>\u201cAdem\u00e1s, asambleas en todo el pa\u00eds. En los municipios, vamos a iniciar en los municipios de mayor o que tienen registrada mayor violencia contra mujeres, para que ah\u00ed las mujeres puedan hablar, decir qu\u00e9 necesitan, c\u00f3mo apoyarlas y generar otros apoyos. Y la Cartilla de Derechos de las Mujeres, que ustedes ya la conocen que, por lo pronto, se han editado 10 millones de cartillas que van a ser distribuidas en todo el territorio\u201d, explic\u00f3 en la conferencia matutina: \u201cLas ma\u00f1aneras del pueblo\u201d.<\/p>\n","protected":false},"excerpt":{"rendered":"<p>La Presidenta de M\u00e9xico, Claudia Sheinbaum Pardo, anunci\u00f3 la puesta en marcha de Pol\u00edticas de Bienestar para las Mujeres con el inicio de la Red Nacional de Tejedoras de la Patria; la creaci\u00f3n este a\u00f1o de 678 Centros LIBRE para las Mujeres en todo el pa\u00eds con apoyo de las y los gobernadores; adem\u00e1s de [&hellip;]<\/p>\n","protected":false},"author":9,"featured_media":94844,"comment_status":"open","ping_status":"open","sticky":false,"template":"","format":"standard","meta":{"om_disable_all_campaigns":false,"_monsterinsights_skip_tracking":false,"_monsterinsights_sitenote_active":false,"_monsterinsights_sitenote_note":"","_monsterinsights_sitenote_category":0,"jnews-multi-image_gallery":[],"jnews_single_post":[],"jnews_primary_category":[],"footnotes":""},"categories":[1],"tags":[],"class_list":["post-94843","post","type-post","status-publish","format-standard","has-post-thumbnail","hentry","category-uncategorized"],"aioseo_notices":[],"_links":{"self":[{"href":"https:\/\/estado29.mx\/index.php?rest_route=\/wp\/v2\/posts\/94843","targetHints":{"allow":["GET"]}}],"collection":[{"href":"https:\/\/estado29.mx\/index.php?rest_route=\/wp\/v2\/posts"}],"about":[{"href":"https:\/\/estado29.mx\/index.php?rest_route=\/wp\/v2\/types\/post"}],"author":[{"embeddable":true,"href":"https:\/\/estado29.mx\/index.php?rest_route=\/wp\/v2\/users\/9"}],"replies":[{"embeddable":true,"href":"https:\/\/estado29.mx\/index.php?rest_route=%2Fwp%2Fv2%2Fcomments&post=94843"}],"version-history":[{"count":2,"href":"https:\/\/estado29.mx\/index.php?rest_route=\/wp\/v2\/posts\/94843\/revisions"}],"predecessor-version":[{"id":94846,"href":"https:\/\/estado29.mx\/index.php?rest_route=\/wp\/v2\/posts\/94843\/revisions\/94846"}],"wp:featuredmedia":[{"embeddable":true,"href":"https:\/\/estado29.mx\/index.php?rest_route=\/wp\/v2\/media\/94844"}],"wp:attachment":[{"href":"https:\/\/estado29.mx\/index.php?rest_route=%2Fwp%2Fv2%2Fmedia&parent=94843"}],"wp:term":[{"taxonomy":"category","embeddable":true,"href":"https:\/\/estado29.mx\/index.php?rest_route=%2Fwp%2Fv2%2Fcategories&post=94843"},{"taxonomy":"post_tag","embeddable":true,"href":"https:\/\/estado29.mx\/index.php?rest_route=%2Fwp%2Fv2%2Ftags&post=94843"}],"curies":[{"name":"wp","href":"https:\/\/api.w.org\/{rel}","templated":true}]}}