{"id":94858,"date":"2025-04-24T16:35:58","date_gmt":"2025-04-24T16:35:58","guid":{"rendered":"https:\/\/estado29.mx\/?p=94858"},"modified":"2025-04-24T16:35:58","modified_gmt":"2025-04-24T16:35:58","slug":"buscan-intensamente-a-isaias-joven-con-autismo-y-epilepsia-desaparecido-en-zitlaltepec","status":"publish","type":"post","link":"https:\/\/estado29.mx\/?p=94858","title":{"rendered":"Buscan intensamente a Isa\u00edas, joven con autismo y epilepsia desaparecido en Zitlaltepec."},"content":{"rendered":"\n<p>Paco Ugarte.<\/p>\n\n\n\n<p>Isa\u00edas Torres P\u00e9rez de 25 a\u00f1os de edad y originario de San Pablo Zitlaltepec, ha sido reportado como desaparecido desde la noche del pasado 22 de abril cuando sali\u00f3 de su domicilio.<\/p>\n\n\n\n<p>A decir de los propios familiares el joven padece autismo y epilepsia, por lo que al escuchar un fuerte ruido sali\u00f3 con rumbo desconocido sin que nadie se percatara.<\/p>\n\n\n\n<p>Cabe se\u00f1alar que la \u00fanica referencia que tienen los familiares es un video que logr\u00f3 capataz una c\u00e1mara de seguridad cerca de su domicilio.<\/p>\n\n\n\n<p>El joven tiene una estatura de 1 metro con 65 cent\u00edmetros, pues al rededor de 50 kg, su cabello es ondulado casta\u00f1o obscuro y corto, nariz recta, rostro ovalado, ojos almendrados y tes morena clara.<\/p>\n\n\n\n<p>Isa\u00edas vest\u00eda su\u00e9ter color caf\u00e9, camisa negra, pantal\u00f3n caqui y tennis negros, por lo que familiares y amigos han solicitado el apoyo de la ciudadan\u00eda en caso de verlo reportarlo de manera inmediata con las autoridades.<\/p>\n","protected":false},"excerpt":{"rendered":"<p>Paco Ugarte. Isa\u00edas Torres P\u00e9rez de 25 a\u00f1os de edad y originario de San Pablo Zitlaltepec, ha sido reportado como desaparecido desde la noche del pasado 22 de abril cuando sali\u00f3 de su domicilio. A decir de los propios familiares el joven padece autismo y epilepsia, por lo que al escuchar un fuerte ruido sali\u00f3 [&hellip;]<\/p>\n","protected":false},"author":5,"featured_media":94859,"comment_status":"open","ping_status":"open","sticky":false,"template":"","format":"standard","meta":{"om_disable_all_campaigns":false,"_monsterinsights_skip_tracking":false,"_monsterinsights_sitenote_active":false,"_monsterinsights_sitenote_note":"","_monsterinsights_sitenote_category":0,"jnews-multi-image_gallery":[],"jnews_single_post":[],"jnews_primary_category":[],"footnotes":""},"categories":[1],"tags":[],"class_list":["post-94858","post","type-post","status-publish","format-standard","has-post-thumbnail","hentry","category-uncategorized"],"aioseo_notices":[],"_links":{"self":[{"href":"https:\/\/estado29.mx\/index.php?rest_route=\/wp\/v2\/posts\/94858","targetHints":{"allow":["GET"]}}],"collection":[{"href":"https:\/\/estado29.mx\/index.php?rest_route=\/wp\/v2\/posts"}],"about":[{"href":"https:\/\/estado29.mx\/index.php?rest_route=\/wp\/v2\/types\/post"}],"author":[{"embeddable":true,"href":"https:\/\/estado29.mx\/index.php?rest_route=\/wp\/v2\/users\/5"}],"replies":[{"embeddable":true,"href":"https:\/\/estado29.mx\/index.php?rest_route=%2Fwp%2Fv2%2Fcomments&post=94858"}],"version-history":[{"count":1,"href":"https:\/\/estado29.mx\/index.php?rest_route=\/wp\/v2\/posts\/94858\/revisions"}],"predecessor-version":[{"id":94860,"href":"https:\/\/estado29.mx\/index.php?rest_route=\/wp\/v2\/posts\/94858\/revisions\/94860"}],"wp:featuredmedia":[{"embeddable":true,"href":"https:\/\/estado29.mx\/index.php?rest_route=\/wp\/v2\/media\/94859"}],"wp:attachment":[{"href":"https:\/\/estado29.mx\/index.php?rest_route=%2Fwp%2Fv2%2Fmedia&parent=94858"}],"wp:term":[{"taxonomy":"category","embeddable":true,"href":"https:\/\/estado29.mx\/index.php?rest_route=%2Fwp%2Fv2%2Fcategories&post=94858"},{"taxonomy":"post_tag","embeddable":true,"href":"https:\/\/estado29.mx\/index.php?rest_route=%2Fwp%2Fv2%2Ftags&post=94858"}],"curies":[{"name":"wp","href":"https:\/\/api.w.org\/{rel}","templated":true}]}}