{"id":94883,"date":"2025-04-25T05:03:08","date_gmt":"2025-04-25T05:03:08","guid":{"rendered":"https:\/\/estado29.mx\/?p=94883"},"modified":"2025-04-25T05:03:08","modified_gmt":"2025-04-25T05:03:08","slug":"gobierno-de-huamantla-repara-luminarias-en-el-bulevar-cuamanco","status":"publish","type":"post","link":"https:\/\/estado29.mx\/?p=94883","title":{"rendered":"Gobierno de Huamantla repara luminarias en el Bulevar Cuamanco."},"content":{"rendered":"<figure class=\"wp-block-post-featured-image\"><img loading=\"lazy\" decoding=\"async\" width=\"959\" height=\"720\" src=\"https:\/\/estado29.mx\/wp-content\/uploads\/2025\/04\/WhatsApp-Image-2025-04-24-at-12.27.18-PM.jpeg\" class=\"attachment-post-thumbnail size-post-thumbnail wp-post-image\" alt=\"\" style=\"object-fit:cover;\" srcset=\"https:\/\/estado29.mx\/wp-content\/uploads\/2025\/04\/WhatsApp-Image-2025-04-24-at-12.27.18-PM.jpeg 959w, https:\/\/estado29.mx\/wp-content\/uploads\/2025\/04\/WhatsApp-Image-2025-04-24-at-12.27.18-PM-300x225.jpeg 300w, https:\/\/estado29.mx\/wp-content\/uploads\/2025\/04\/WhatsApp-Image-2025-04-24-at-12.27.18-PM-768x577.jpeg 768w, https:\/\/estado29.mx\/wp-content\/uploads\/2025\/04\/WhatsApp-Image-2025-04-24-at-12.27.18-PM-750x563.jpeg 750w\" sizes=\"auto, (max-width: 959px) 100vw, 959px\" \/><\/figure>\n\n\n<p>El Gobierno Municipal de Huamantla, a trav\u00e9s de la Coordinaci\u00f3n de Servicios P\u00fablicos Municipales, llev\u00f3 a cabo la reparaci\u00f3n de luminarias en el Bulevar Cuamanco, con el prop\u00f3sito de mejorar la seguridad de los peatones y automovilistas que transitan por esta importante vialidad, especialmente durante las noches y madrugadas.<\/p>\n\n\n\n<p>Estas acciones se realizaron en respuesta a reportes ciudadanos, luego de que varias l\u00e1mparas presentaran fallas debido al desgaste natural por el paso del tiempo.<\/p>\n\n\n\n<p>Gracias a esta intervenci\u00f3n, la zona cuenta ahora con mejor iluminaci\u00f3n, lo que representa un entorno m\u00e1s seguro y confiable para quienes circulan por ah\u00ed.<\/p>\n\n\n\n<p>Por lo anterior, el Gobierno de Huamantla hace un llamado a la poblaci\u00f3n para cuidar y preservar este tipo de equipamiento urbano, pues su mantenimiento y buen uso es responsabilidad compartida, y contribuye a fortalecer la calidad de vida de todas y todos los huamantlecos.<\/p>\n\n\n\n<p>Adem\u00e1s de la reparaci\u00f3n de luminarias, el personal de Servicios P\u00fablicos Municipales aprovech\u00f3 sus recorridos por la zona para realizar trabajos de desazolve de targeas, una medida preventiva para evitar taponamientos e inundaciones, especialmente en esta temporada de lluvias que ya ha comenzado a registrarse en la regi\u00f3n.<\/p>\n","protected":false},"excerpt":{"rendered":"<p>El Gobierno Municipal de Huamantla, a trav\u00e9s de la Coordinaci\u00f3n de Servicios P\u00fablicos Municipales, llev\u00f3 a cabo la reparaci\u00f3n de luminarias en el Bulevar Cuamanco, con el prop\u00f3sito de mejorar la seguridad de los peatones y automovilistas que transitan por esta importante vialidad, especialmente durante las noches y madrugadas. Estas acciones se realizaron en respuesta [&hellip;]<\/p>\n","protected":false},"author":9,"featured_media":94884,"comment_status":"open","ping_status":"open","sticky":false,"template":"","format":"standard","meta":{"om_disable_all_campaigns":false,"_monsterinsights_skip_tracking":false,"_monsterinsights_sitenote_active":false,"_monsterinsights_sitenote_note":"","_monsterinsights_sitenote_category":0,"jnews-multi-image_gallery":[],"jnews_single_post":[],"jnews_primary_category":[],"footnotes":""},"categories":[1],"tags":[],"class_list":["post-94883","post","type-post","status-publish","format-standard","has-post-thumbnail","hentry","category-uncategorized"],"aioseo_notices":[],"_links":{"self":[{"href":"https:\/\/estado29.mx\/index.php?rest_route=\/wp\/v2\/posts\/94883","targetHints":{"allow":["GET"]}}],"collection":[{"href":"https:\/\/estado29.mx\/index.php?rest_route=\/wp\/v2\/posts"}],"about":[{"href":"https:\/\/estado29.mx\/index.php?rest_route=\/wp\/v2\/types\/post"}],"author":[{"embeddable":true,"href":"https:\/\/estado29.mx\/index.php?rest_route=\/wp\/v2\/users\/9"}],"replies":[{"embeddable":true,"href":"https:\/\/estado29.mx\/index.php?rest_route=%2Fwp%2Fv2%2Fcomments&post=94883"}],"version-history":[{"count":2,"href":"https:\/\/estado29.mx\/index.php?rest_route=\/wp\/v2\/posts\/94883\/revisions"}],"predecessor-version":[{"id":94886,"href":"https:\/\/estado29.mx\/index.php?rest_route=\/wp\/v2\/posts\/94883\/revisions\/94886"}],"wp:featuredmedia":[{"embeddable":true,"href":"https:\/\/estado29.mx\/index.php?rest_route=\/wp\/v2\/media\/94884"}],"wp:attachment":[{"href":"https:\/\/estado29.mx\/index.php?rest_route=%2Fwp%2Fv2%2Fmedia&parent=94883"}],"wp:term":[{"taxonomy":"category","embeddable":true,"href":"https:\/\/estado29.mx\/index.php?rest_route=%2Fwp%2Fv2%2Fcategories&post=94883"},{"taxonomy":"post_tag","embeddable":true,"href":"https:\/\/estado29.mx\/index.php?rest_route=%2Fwp%2Fv2%2Ftags&post=94883"}],"curies":[{"name":"wp","href":"https:\/\/api.w.org\/{rel}","templated":true}]}}