{"id":94900,"date":"2025-04-25T16:41:42","date_gmt":"2025-04-25T16:41:42","guid":{"rendered":"https:\/\/estado29.mx\/?p=94900"},"modified":"2025-04-25T16:41:42","modified_gmt":"2025-04-25T16:41:42","slug":"todo-listo-para-el-primer-simulacro-nacional-2025","status":"publish","type":"post","link":"https:\/\/estado29.mx\/?p=94900","title":{"rendered":"Todo listo para el primer Simulacro Nacional 2025."},"content":{"rendered":"\n<p>Paco Ugarte.<\/p>\n\n\n\n<p>Orlando Rafael Castillo L\u00f3pez, Coordinador de Protecci\u00f3n Civil en Huamantla, dio a conocer que el pueblo m\u00e1gico se encuentra listo para participar en el primer Simulacro Nacional 2025.<\/p>\n\n\n\n<p>Esta actividad se desarrollar\u00e1 el pr\u00f3ximo 29 de abril a las 11:30 de la ma\u00f1ana el cual tendr\u00e1 una hip\u00f3tesis de sismo magnitud 8.1 con epicentro en el Golfo de Tehuantepec con profundidad de 40.1 km.<\/p>\n\n\n\n<p>Durante el simulacro se activar\u00e1 la alerta s\u00edsmica en CDMX, Chiapas, Estado de M\u00e9xico, Guerrero, Guanajuato, Hidalgo, Michoac\u00e1n, Morelos, Oaxaca, Puebla y Tlaxcala.<\/p>\n\n\n\n<p>En Huamantla sonar\u00e1n las alarmas con las que se cuentan adem\u00e1s el cordinador record\u00f3 que las propias alarmas vecinales que ha instalado el gobierno municipal se activar\u00e1n para participar en esta actividad.<\/p>\n\n\n\n<p>En este simulacro participar\u00e1n instituciones gubernamentales, empresas, negocios, escuelas y quien desee sumarse puede inscribirse en la liga preparada.gob.mx el registro es gratuito y fortalece los planes de protecci\u00f3n civil.<\/p>\n\n\n\n<p>Finalmente Castillo L\u00f3pez comparti\u00f3 que ante un sismo, es crucial mantener la calma, buscar refugio en un lugar seguro, y evitar zonas de riesgo como ventanas o muebles pesados.<\/p>\n","protected":false},"excerpt":{"rendered":"<p>Paco Ugarte. Orlando Rafael Castillo L\u00f3pez, Coordinador de Protecci\u00f3n Civil en Huamantla, dio a conocer que el pueblo m\u00e1gico se encuentra listo para participar en el primer Simulacro Nacional 2025. Esta actividad se desarrollar\u00e1 el pr\u00f3ximo 29 de abril a las 11:30 de la ma\u00f1ana el cual tendr\u00e1 una hip\u00f3tesis de sismo magnitud 8.1 con [&hellip;]<\/p>\n","protected":false},"author":5,"featured_media":94901,"comment_status":"open","ping_status":"open","sticky":false,"template":"","format":"standard","meta":{"om_disable_all_campaigns":false,"_monsterinsights_skip_tracking":false,"_monsterinsights_sitenote_active":false,"_monsterinsights_sitenote_note":"","_monsterinsights_sitenote_category":0,"jnews-multi-image_gallery":[],"jnews_single_post":[],"jnews_primary_category":[],"footnotes":""},"categories":[1],"tags":[],"class_list":["post-94900","post","type-post","status-publish","format-standard","has-post-thumbnail","hentry","category-uncategorized"],"aioseo_notices":[],"_links":{"self":[{"href":"https:\/\/estado29.mx\/index.php?rest_route=\/wp\/v2\/posts\/94900","targetHints":{"allow":["GET"]}}],"collection":[{"href":"https:\/\/estado29.mx\/index.php?rest_route=\/wp\/v2\/posts"}],"about":[{"href":"https:\/\/estado29.mx\/index.php?rest_route=\/wp\/v2\/types\/post"}],"author":[{"embeddable":true,"href":"https:\/\/estado29.mx\/index.php?rest_route=\/wp\/v2\/users\/5"}],"replies":[{"embeddable":true,"href":"https:\/\/estado29.mx\/index.php?rest_route=%2Fwp%2Fv2%2Fcomments&post=94900"}],"version-history":[{"count":1,"href":"https:\/\/estado29.mx\/index.php?rest_route=\/wp\/v2\/posts\/94900\/revisions"}],"predecessor-version":[{"id":94902,"href":"https:\/\/estado29.mx\/index.php?rest_route=\/wp\/v2\/posts\/94900\/revisions\/94902"}],"wp:featuredmedia":[{"embeddable":true,"href":"https:\/\/estado29.mx\/index.php?rest_route=\/wp\/v2\/media\/94901"}],"wp:attachment":[{"href":"https:\/\/estado29.mx\/index.php?rest_route=%2Fwp%2Fv2%2Fmedia&parent=94900"}],"wp:term":[{"taxonomy":"category","embeddable":true,"href":"https:\/\/estado29.mx\/index.php?rest_route=%2Fwp%2Fv2%2Fcategories&post=94900"},{"taxonomy":"post_tag","embeddable":true,"href":"https:\/\/estado29.mx\/index.php?rest_route=%2Fwp%2Fv2%2Ftags&post=94900"}],"curies":[{"name":"wp","href":"https:\/\/api.w.org\/{rel}","templated":true}]}}