{"id":94916,"date":"2025-04-26T00:09:18","date_gmt":"2025-04-26T00:09:18","guid":{"rendered":"https:\/\/estado29.mx\/?p=94916"},"modified":"2025-04-26T00:09:18","modified_gmt":"2025-04-26T00:09:18","slug":"preside-mesa-de-trabajo-alfonso-sanchez-garcia","status":"publish","type":"post","link":"https:\/\/estado29.mx\/?p=94916","title":{"rendered":"Preside Mesa de Trabajo: Alfonso S\u00e1nchez Garc\u00eda"},"content":{"rendered":"<figure class=\"wp-block-post-featured-image\"><img loading=\"lazy\" decoding=\"async\" width=\"960\" height=\"641\" src=\"https:\/\/estado29.mx\/wp-content\/uploads\/2025\/04\/FB_IMG_1745625817053.jpg\" class=\"attachment-post-thumbnail size-post-thumbnail wp-post-image\" alt=\"\" style=\"object-fit:cover;\" srcset=\"https:\/\/estado29.mx\/wp-content\/uploads\/2025\/04\/FB_IMG_1745625817053.jpg 960w, https:\/\/estado29.mx\/wp-content\/uploads\/2025\/04\/FB_IMG_1745625817053-300x200.jpg 300w, https:\/\/estado29.mx\/wp-content\/uploads\/2025\/04\/FB_IMG_1745625817053-768x513.jpg 768w, https:\/\/estado29.mx\/wp-content\/uploads\/2025\/04\/FB_IMG_1745625817053-750x501.jpg 750w\" sizes=\"auto, (max-width: 960px) 100vw, 960px\" \/><\/figure>\n\n\n<p>Alfonso S\u00e1nchez Garc\u00eda, presidente municipal de Tlaxcala, presidi\u00f3 la mesa de trabajo \u201cProtocolo para prevenir, atender y sancionar la violencia de g\u00e9nero en el \u00e1mbito laboral, acoso sexual y hostigamiento sexual en el Ayuntamiento de Tlaxcala\u201d. <\/p>\n\n\n\n<figure class=\"wp-block-gallery has-nested-images columns-default is-cropped wp-block-gallery-1 is-layout-flex wp-block-gallery-is-layout-flex\">\n\n\n\n\n\n<\/figure>\n\n\n\n<p>Durante la sesi\u00f3n, instruy\u00f3 a las y los titulares de \u00e1rea del Ayuntamiento y present\u00f3 el protocolo para su aprobaci\u00f3n y publicaci\u00f3n en el mes de mayo, reafirmando el compromiso con espacios laborales seguros, respetuosos y libres de violencia. <\/p>\n","protected":false},"excerpt":{"rendered":"<p>Alfonso S\u00e1nchez Garc\u00eda, presidente municipal de Tlaxcala, presidi\u00f3 la mesa de trabajo \u201cProtocolo para prevenir, atender y sancionar la violencia de g\u00e9nero en el \u00e1mbito laboral, acoso sexual y hostigamiento sexual en el Ayuntamiento de Tlaxcala\u201d. Durante la sesi\u00f3n, instruy\u00f3 a las y los titulares de \u00e1rea del Ayuntamiento y present\u00f3 el protocolo para su [&hellip;]<\/p>\n","protected":false},"author":4,"featured_media":94917,"comment_status":"open","ping_status":"open","sticky":false,"template":"","format":"standard","meta":{"om_disable_all_campaigns":false,"_monsterinsights_skip_tracking":false,"_monsterinsights_sitenote_active":false,"_monsterinsights_sitenote_note":"","_monsterinsights_sitenote_category":0,"jnews-multi-image_gallery":[],"jnews_single_post":[],"jnews_primary_category":[],"footnotes":""},"categories":[1],"tags":[],"class_list":["post-94916","post","type-post","status-publish","format-standard","has-post-thumbnail","hentry","category-uncategorized"],"aioseo_notices":[],"_links":{"self":[{"href":"https:\/\/estado29.mx\/index.php?rest_route=\/wp\/v2\/posts\/94916","targetHints":{"allow":["GET"]}}],"collection":[{"href":"https:\/\/estado29.mx\/index.php?rest_route=\/wp\/v2\/posts"}],"about":[{"href":"https:\/\/estado29.mx\/index.php?rest_route=\/wp\/v2\/types\/post"}],"author":[{"embeddable":true,"href":"https:\/\/estado29.mx\/index.php?rest_route=\/wp\/v2\/users\/4"}],"replies":[{"embeddable":true,"href":"https:\/\/estado29.mx\/index.php?rest_route=%2Fwp%2Fv2%2Fcomments&post=94916"}],"version-history":[{"count":2,"href":"https:\/\/estado29.mx\/index.php?rest_route=\/wp\/v2\/posts\/94916\/revisions"}],"predecessor-version":[{"id":94923,"href":"https:\/\/estado29.mx\/index.php?rest_route=\/wp\/v2\/posts\/94916\/revisions\/94923"}],"wp:featuredmedia":[{"embeddable":true,"href":"https:\/\/estado29.mx\/index.php?rest_route=\/wp\/v2\/media\/94917"}],"wp:attachment":[{"href":"https:\/\/estado29.mx\/index.php?rest_route=%2Fwp%2Fv2%2Fmedia&parent=94916"}],"wp:term":[{"taxonomy":"category","embeddable":true,"href":"https:\/\/estado29.mx\/index.php?rest_route=%2Fwp%2Fv2%2Fcategories&post=94916"},{"taxonomy":"post_tag","embeddable":true,"href":"https:\/\/estado29.mx\/index.php?rest_route=%2Fwp%2Fv2%2Ftags&post=94916"}],"curies":[{"name":"wp","href":"https:\/\/api.w.org\/{rel}","templated":true}]}}