{"id":94943,"date":"2025-04-26T22:30:34","date_gmt":"2025-04-26T22:30:34","guid":{"rendered":"https:\/\/estado29.mx\/?p=94943"},"modified":"2025-04-26T22:30:34","modified_gmt":"2025-04-26T22:30:34","slug":"con-vigilancia-permanente-policia-de-huamantla-detiene-a-hombre-senalado-de-cometer-conductas-indebidas-en-la-via-publica","status":"publish","type":"post","link":"https:\/\/estado29.mx\/?p=94943","title":{"rendered":"Con vigilancia permanente Polic\u00eda de Huamantla detiene a hombre se\u00f1alado de cometer conductas indebidas en la v\u00eda p\u00fablica"},"content":{"rendered":"<figure class=\"wp-block-post-featured-image\"><img loading=\"lazy\" decoding=\"async\" width=\"1024\" height=\"1024\" src=\"https:\/\/estado29.mx\/wp-content\/uploads\/2025\/04\/IMG-20250426-WA0189.jpg\" class=\"attachment-post-thumbnail size-post-thumbnail wp-post-image\" alt=\"\" style=\"object-fit:cover;\" srcset=\"https:\/\/estado29.mx\/wp-content\/uploads\/2025\/04\/IMG-20250426-WA0189.jpg 1024w, https:\/\/estado29.mx\/wp-content\/uploads\/2025\/04\/IMG-20250426-WA0189-300x300.jpg 300w, https:\/\/estado29.mx\/wp-content\/uploads\/2025\/04\/IMG-20250426-WA0189-150x150.jpg 150w, https:\/\/estado29.mx\/wp-content\/uploads\/2025\/04\/IMG-20250426-WA0189-768x768.jpg 768w, https:\/\/estado29.mx\/wp-content\/uploads\/2025\/04\/IMG-20250426-WA0189-75x75.jpg 75w, https:\/\/estado29.mx\/wp-content\/uploads\/2025\/04\/IMG-20250426-WA0189-350x350.jpg 350w, https:\/\/estado29.mx\/wp-content\/uploads\/2025\/04\/IMG-20250426-WA0189-750x750.jpg 750w\" sizes=\"auto, (max-width: 1024px) 100vw, 1024px\" \/><\/figure>\n\n\n<p>  Gracias a la oportuna intervenci\u00f3n de la Polic\u00eda Municipal de Huamantla, se logr\u00f3 la detenci\u00f3n de Jorge \u201cN\u201d, de 28 a\u00f1os de edad, quien fue se\u00f1alado por presuntamente cometer actos indebidos en la v\u00eda p\u00fablica ante menores de edad.  Fue a trav\u00e9s de las c\u00e1maras de videovigilancia que los elementos de seguridad lograron ubicar al se\u00f1alado y, a trav\u00e9s del C2, procedieron de inmediato a su detenci\u00f3n.  Una vez asegurado, los oficiales le hicieron conocer los derechos que le asisten y trasladaron al individuo a la Unidad Preventiva donde, tras una valoraci\u00f3n realizada por el m\u00e9dico legista, se confirm\u00f3 que ten\u00eda padecimientos psicol\u00f3gicos.  Durante su resguardo, el propio detenido manifest\u00f3 haber salido recientemente de un centro de rehabilitaci\u00f3n, informaci\u00f3n que fue tomada en cuenta para su evaluaci\u00f3n y manejo adecuado. Los oficiales confirmaron que esta persona es originaria del municipio de Ixtenco, por lo que la Comandancia de este lugar fue contactada para ubicar a sus familiares y brindar el apoyo necesario.  Debido a que no se formaliz\u00f3 una denuncia legal en contra del se\u00f1alado no pudo ser retenido por m\u00e1s tiempo; a\u00fan as\u00ed, la polic\u00eda municipal actu\u00f3 para proteger a la ciudadan\u00eda. Sin embargo, el Gobierno Municipal reiter\u00f3 el llamado para que, en caso de ser v\u00edctima de alg\u00fan delito, se presente una denuncia ante la autoridad correspondiente, a fin de que los responsables sean sancionados de acuerdo con el marco legal.<\/p>\n","protected":false},"excerpt":{"rendered":"<p>Gracias a la oportuna intervenci\u00f3n de la Polic\u00eda Municipal de Huamantla, se logr\u00f3 la detenci\u00f3n de Jorge \u201cN\u201d, de 28 a\u00f1os de edad, quien fue se\u00f1alado por presuntamente cometer actos indebidos en la v\u00eda p\u00fablica ante menores de edad. Fue a trav\u00e9s de las c\u00e1maras de videovigilancia que los elementos de seguridad lograron ubicar al [&hellip;]<\/p>\n","protected":false},"author":9,"featured_media":94944,"comment_status":"open","ping_status":"open","sticky":false,"template":"","format":"standard","meta":{"om_disable_all_campaigns":false,"_monsterinsights_skip_tracking":false,"_monsterinsights_sitenote_active":false,"_monsterinsights_sitenote_note":"","_monsterinsights_sitenote_category":0,"jnews-multi-image_gallery":[],"jnews_single_post":[],"jnews_primary_category":[],"footnotes":""},"categories":[1],"tags":[],"class_list":["post-94943","post","type-post","status-publish","format-standard","has-post-thumbnail","hentry","category-uncategorized"],"aioseo_notices":[],"_links":{"self":[{"href":"https:\/\/estado29.mx\/index.php?rest_route=\/wp\/v2\/posts\/94943","targetHints":{"allow":["GET"]}}],"collection":[{"href":"https:\/\/estado29.mx\/index.php?rest_route=\/wp\/v2\/posts"}],"about":[{"href":"https:\/\/estado29.mx\/index.php?rest_route=\/wp\/v2\/types\/post"}],"author":[{"embeddable":true,"href":"https:\/\/estado29.mx\/index.php?rest_route=\/wp\/v2\/users\/9"}],"replies":[{"embeddable":true,"href":"https:\/\/estado29.mx\/index.php?rest_route=%2Fwp%2Fv2%2Fcomments&post=94943"}],"version-history":[{"count":2,"href":"https:\/\/estado29.mx\/index.php?rest_route=\/wp\/v2\/posts\/94943\/revisions"}],"predecessor-version":[{"id":94946,"href":"https:\/\/estado29.mx\/index.php?rest_route=\/wp\/v2\/posts\/94943\/revisions\/94946"}],"wp:featuredmedia":[{"embeddable":true,"href":"https:\/\/estado29.mx\/index.php?rest_route=\/wp\/v2\/media\/94944"}],"wp:attachment":[{"href":"https:\/\/estado29.mx\/index.php?rest_route=%2Fwp%2Fv2%2Fmedia&parent=94943"}],"wp:term":[{"taxonomy":"category","embeddable":true,"href":"https:\/\/estado29.mx\/index.php?rest_route=%2Fwp%2Fv2%2Fcategories&post=94943"},{"taxonomy":"post_tag","embeddable":true,"href":"https:\/\/estado29.mx\/index.php?rest_route=%2Fwp%2Fv2%2Ftags&post=94943"}],"curies":[{"name":"wp","href":"https:\/\/api.w.org\/{rel}","templated":true}]}}