{"id":94952,"date":"2025-06-17T04:13:31","date_gmt":"2025-06-17T04:13:31","guid":{"rendered":"https:\/\/estado29.mx\/?p=94952"},"modified":"2025-06-17T04:13:31","modified_gmt":"2025-06-17T04:13:31","slug":"alfonso-sanchez-garcia-presidente-municipal-de-tlaxcala-y-su-esposa-la-lic-marcela-gonzalez-recorrieron-las-delegaciones-para-celebrar-el-dia-del-nino","status":"publish","type":"post","link":"https:\/\/estado29.mx\/?p=94952","title":{"rendered":"Alfonso S\u00e1nchez Garc\u00eda Presidente municipal de Tlaxcala, y su esposa, la Lic. Marcela Gonz\u00e1lez, recorrieron las delegaciones para celebrar el d\u00eda del ni\u00f1o"},"content":{"rendered":"\n<p><a href=\"https:\/\/www.facebook.com\/alfonsosanchezgarcia.tlx?__cft__[0]=AZXEqp4gQUzQw_ORtqh76MWIDBVYhLLPw2igRVSVY-1SPCQKPWEdoHhOjXSDo2tnjiXNhiv6RY9PPbTT4bjx7EiqO1ltHKuGhv9nDBoa7PsADhqkLbSsZqYP8n2h2iQQJs84rhwYFntGKaS_8wIeNoulrJhB4F9yUEbU3trfPaBq6Q&amp;__tn__=-]K-R\">Alfonso S\u00e1nchez Garc\u00eda<\/a>, presidente municipal de Tlaxcala, y su esposa, la Lic. Marcela Gonz\u00e1lez, recorrieron las delegaciones de El Sabinal, Loma Bonita, Tlapancalco, San Gabriel Cuauhtla, La Joya y San Isidro, para celebrar el D\u00eda de la Ni\u00f1ez. <img loading=\"lazy\" decoding=\"async\" height=\"16\" width=\"16\" alt=\"\ud83e\uddd2\" src=\"https:\/\/static.xx.fbcdn.net\/images\/emoji.php\/v9\/tdf\/1\/16\/1f9d2.png\"><\/p>\n\n\n\n<p>En compa\u00f1\u00eda de personal del Ayuntamiento, entregaron juguetes, compartieron dulces, juegos y actividades que llevaron alegr\u00eda a cientos de ni\u00f1as y ni\u00f1os.<img loading=\"lazy\" decoding=\"async\" height=\"16\" width=\"16\" alt=\"\ud83e\uddf8\" src=\"https:\/\/static.xx.fbcdn.net\/images\/emoji.php\/v9\/t23\/1\/16\/1f9f8.png\"><img loading=\"lazy\" decoding=\"async\" height=\"16\" width=\"16\" alt=\"\ud83d\udc67\" src=\"https:\/\/static.xx.fbcdn.net\/images\/emoji.php\/v9\/t8d\/1\/16\/1f467.png\"><\/p>\n\n\n\n<p>El compromiso con las infancias se construye con acciones que dejan huella.<img loading=\"lazy\" decoding=\"async\" height=\"16\" width=\"16\" alt=\"\ud83e\udd1d\" src=\"https:\/\/static.xx.fbcdn.net\/images\/emoji.php\/v9\/t64\/1\/16\/1f91d.png\"><\/p>\n\n\n\n<p><a href=\"https:\/\/www.facebook.com\/hashtag\/historiaqueescribimosjuntos?__eep__=6&amp;__cft__[0]=AZXEqp4gQUzQw_ORtqh76MWIDBVYhLLPw2igRVSVY-1SPCQKPWEdoHhOjXSDo2tnjiXNhiv6RY9PPbTT4bjx7EiqO1ltHKuGhv9nDBoa7PsADhqkLbSsZqYP8n2h2iQQJs84rhwYFntGKaS_8wIeNoulrJhB4F9yUEbU3trfPaBq6Q&amp;__tn__=*NK-R\">#HistoriaQueEscribimosJuntos<\/a><a href=\"https:\/\/www.facebook.com\/hashtag\/tlaxcaladexicoht%C3%A9ncatl?__eep__=6&amp;__cft__[0]=AZXEqp4gQUzQw_ORtqh76MWIDBVYhLLPw2igRVSVY-1SPCQKPWEdoHhOjXSDo2tnjiXNhiv6RY9PPbTT4bjx7EiqO1ltHKuGhv9nDBoa7PsADhqkLbSsZqYP8n2h2iQQJs84rhwYFntGKaS_8wIeNoulrJhB4F9yUEbU3trfPaBq6Q&amp;__tn__=*NK-R\">#TlaxcalaDeXicoht\u00e9ncatl<\/a><\/p>\n","protected":false},"excerpt":{"rendered":"<p>Alfonso S\u00e1nchez Garc\u00eda, presidente municipal de Tlaxcala, y su esposa, la Lic. Marcela Gonz\u00e1lez, recorrieron las delegaciones de El Sabinal, Loma Bonita, Tlapancalco, San Gabriel Cuauhtla, La Joya y San Isidro, para celebrar el D\u00eda de la Ni\u00f1ez. En compa\u00f1\u00eda de personal del Ayuntamiento, entregaron juguetes, compartieron dulces, juegos y actividades que llevaron alegr\u00eda a [&hellip;]<\/p>\n","protected":false},"author":9,"featured_media":0,"comment_status":"open","ping_status":"open","sticky":false,"template":"","format":"standard","meta":{"om_disable_all_campaigns":false,"_monsterinsights_skip_tracking":false,"_monsterinsights_sitenote_active":false,"_monsterinsights_sitenote_note":"","_monsterinsights_sitenote_category":0,"jnews-multi-image_gallery":[],"jnews_single_post":[],"jnews_primary_category":[],"footnotes":""},"categories":[1],"tags":[],"class_list":["post-94952","post","type-post","status-publish","format-standard","hentry","category-uncategorized"],"aioseo_notices":[],"_links":{"self":[{"href":"https:\/\/estado29.mx\/index.php?rest_route=\/wp\/v2\/posts\/94952","targetHints":{"allow":["GET"]}}],"collection":[{"href":"https:\/\/estado29.mx\/index.php?rest_route=\/wp\/v2\/posts"}],"about":[{"href":"https:\/\/estado29.mx\/index.php?rest_route=\/wp\/v2\/types\/post"}],"author":[{"embeddable":true,"href":"https:\/\/estado29.mx\/index.php?rest_route=\/wp\/v2\/users\/9"}],"replies":[{"embeddable":true,"href":"https:\/\/estado29.mx\/index.php?rest_route=%2Fwp%2Fv2%2Fcomments&post=94952"}],"version-history":[{"count":1,"href":"https:\/\/estado29.mx\/index.php?rest_route=\/wp\/v2\/posts\/94952\/revisions"}],"predecessor-version":[{"id":96576,"href":"https:\/\/estado29.mx\/index.php?rest_route=\/wp\/v2\/posts\/94952\/revisions\/96576"}],"wp:attachment":[{"href":"https:\/\/estado29.mx\/index.php?rest_route=%2Fwp%2Fv2%2Fmedia&parent=94952"}],"wp:term":[{"taxonomy":"category","embeddable":true,"href":"https:\/\/estado29.mx\/index.php?rest_route=%2Fwp%2Fv2%2Fcategories&post=94952"},{"taxonomy":"post_tag","embeddable":true,"href":"https:\/\/estado29.mx\/index.php?rest_route=%2Fwp%2Fv2%2Ftags&post=94952"}],"curies":[{"name":"wp","href":"https:\/\/api.w.org\/{rel}","templated":true}]}}