{"id":94962,"date":"2025-04-28T18:11:08","date_gmt":"2025-04-28T18:11:08","guid":{"rendered":"https:\/\/estado29.mx\/?p=94962"},"modified":"2025-04-28T18:11:08","modified_gmt":"2025-04-28T18:11:08","slug":"alfonso-sanchez-garcia-presidente-municipal-de-tlaxcala-reafirma-su-compromiso-con-la-recuperacion-del-rio-zahuapan","status":"publish","type":"post","link":"https:\/\/estado29.mx\/?p=94962","title":{"rendered":"Alfonso S\u00e1nchez Garc\u00eda, presidente municipal de Tlaxcala, reafirma su compromiso con la recuperaci\u00f3n del r\u00edo Zahuapan."},"content":{"rendered":"<figure class=\"wp-block-post-featured-image\"><img loading=\"lazy\" decoding=\"async\" width=\"960\" height=\"960\" src=\"https:\/\/estado29.mx\/wp-content\/uploads\/2025\/04\/493331690_122149891130516515_1888466397495452933_n.jpg\" class=\"attachment-post-thumbnail size-post-thumbnail wp-post-image\" alt=\"\" style=\"object-fit:cover;\" srcset=\"https:\/\/estado29.mx\/wp-content\/uploads\/2025\/04\/493331690_122149891130516515_1888466397495452933_n.jpg 960w, https:\/\/estado29.mx\/wp-content\/uploads\/2025\/04\/493331690_122149891130516515_1888466397495452933_n-300x300.jpg 300w, https:\/\/estado29.mx\/wp-content\/uploads\/2025\/04\/493331690_122149891130516515_1888466397495452933_n-150x150.jpg 150w, https:\/\/estado29.mx\/wp-content\/uploads\/2025\/04\/493331690_122149891130516515_1888466397495452933_n-768x768.jpg 768w, https:\/\/estado29.mx\/wp-content\/uploads\/2025\/04\/493331690_122149891130516515_1888466397495452933_n-75x75.jpg 75w, https:\/\/estado29.mx\/wp-content\/uploads\/2025\/04\/493331690_122149891130516515_1888466397495452933_n-350x350.jpg 350w, https:\/\/estado29.mx\/wp-content\/uploads\/2025\/04\/493331690_122149891130516515_1888466397495452933_n-750x750.jpg 750w\" sizes=\"auto, (max-width: 960px) 100vw, 960px\" \/><\/figure>\n\n\n<p><a href=\"https:\/\/www.facebook.com\/alfonsosanchezgarcia.tlx?__cft__[0]=AZVcaSXgI7R-G7KsJIwzEPvWU_rWRWvKWsxyQIiLgYAfu4N2xJf7uCDilDX1OiqlNoy0ySalG_ciGao0z2N7n0kBpUPsRF3950di7LxKqZBUeA4nFbUtVpN7IG3HeFVq0hipTN9Uq68WZVVVwaIN7X2XdcYBBMAaVMYfpbY_xNwZSA&amp;__tn__=-]K-R\">Alfonso S\u00e1nchez Garc\u00eda<\/a>, presidente municipal de Tlaxcala, reafirma su compromiso con la recuperaci\u00f3n del r\u00edo Zahuapan. <img loading=\"lazy\" decoding=\"async\" height=\"16\" width=\"16\" alt=\"\ud83d\udca7\" src=\"https:\/\/static.xx.fbcdn.net\/images\/emoji.php\/v9\/t42\/1\/16\/1f4a7.png\"><\/p>\n\n\n\n<p>Con la participaci\u00f3n de servidores p\u00fablicos del Ayuntamiento y la ciudadan\u00eda, concluimos con \u00e9xito el segundo d\u00eda de la Jornada de Saneamiento del R\u00edo Zahuapan, una iniciativa que responde al llamado de la presidenta <a href=\"https:\/\/www.facebook.com\/ClaudiaSheinbaumPardo?__cft__[0]=AZVcaSXgI7R-G7KsJIwzEPvWU_rWRWvKWsxyQIiLgYAfu4N2xJf7uCDilDX1OiqlNoy0ySalG_ciGao0z2N7n0kBpUPsRF3950di7LxKqZBUeA4nFbUtVpN7IG3HeFVq0hipTN9Uq68WZVVVwaIN7X2XdcYBBMAaVMYfpbY_xNwZSA&amp;__tn__=-]K-R\">Claudia Sheinbaum Pardo<\/a> y que busca proteger y recuperar nuestras aguas nacionales.<img loading=\"lazy\" decoding=\"async\" height=\"16\" width=\"16\" alt=\"\ud83c\udf0a\" src=\"https:\/\/static.xx.fbcdn.net\/images\/emoji.php\/v9\/tbc\/1\/16\/1f30a.png\"><\/p>\n\n\n\n<figure class=\"wp-block-gallery has-nested-images columns-default is-cropped wp-block-gallery-1 is-layout-flex wp-block-gallery-is-layout-flex\">\n\n\n\n\n\n\n\n<\/figure>\n\n\n\n<p>Sigamos sumando esfuerzos para construir un Tlaxcala m\u00e1s limpio y comprometido con el medio ambiente. <img loading=\"lazy\" decoding=\"async\" height=\"16\" width=\"16\" alt=\"\u267b\ufe0f\" src=\"https:\/\/static.xx.fbcdn.net\/images\/emoji.php\/v9\/tf8\/1\/16\/267b.png\"><\/p>\n","protected":false},"excerpt":{"rendered":"<p>Alfonso S\u00e1nchez Garc\u00eda, presidente municipal de Tlaxcala, reafirma su compromiso con la recuperaci\u00f3n del r\u00edo Zahuapan. Con la participaci\u00f3n de servidores p\u00fablicos del Ayuntamiento y la ciudadan\u00eda, concluimos con \u00e9xito el segundo d\u00eda de la Jornada de Saneamiento del R\u00edo Zahuapan, una iniciativa que responde al llamado de la presidenta Claudia Sheinbaum Pardo y que [&hellip;]<\/p>\n","protected":false},"author":4,"featured_media":94963,"comment_status":"open","ping_status":"open","sticky":false,"template":"","format":"standard","meta":{"om_disable_all_campaigns":false,"_monsterinsights_skip_tracking":false,"_monsterinsights_sitenote_active":false,"_monsterinsights_sitenote_note":"","_monsterinsights_sitenote_category":0,"jnews-multi-image_gallery":[],"jnews_single_post":[],"jnews_primary_category":[],"footnotes":""},"categories":[1],"tags":[],"class_list":["post-94962","post","type-post","status-publish","format-standard","has-post-thumbnail","hentry","category-uncategorized"],"aioseo_notices":[],"_links":{"self":[{"href":"https:\/\/estado29.mx\/index.php?rest_route=\/wp\/v2\/posts\/94962","targetHints":{"allow":["GET"]}}],"collection":[{"href":"https:\/\/estado29.mx\/index.php?rest_route=\/wp\/v2\/posts"}],"about":[{"href":"https:\/\/estado29.mx\/index.php?rest_route=\/wp\/v2\/types\/post"}],"author":[{"embeddable":true,"href":"https:\/\/estado29.mx\/index.php?rest_route=\/wp\/v2\/users\/4"}],"replies":[{"embeddable":true,"href":"https:\/\/estado29.mx\/index.php?rest_route=%2Fwp%2Fv2%2Fcomments&post=94962"}],"version-history":[{"count":2,"href":"https:\/\/estado29.mx\/index.php?rest_route=\/wp\/v2\/posts\/94962\/revisions"}],"predecessor-version":[{"id":94970,"href":"https:\/\/estado29.mx\/index.php?rest_route=\/wp\/v2\/posts\/94962\/revisions\/94970"}],"wp:featuredmedia":[{"embeddable":true,"href":"https:\/\/estado29.mx\/index.php?rest_route=\/wp\/v2\/media\/94963"}],"wp:attachment":[{"href":"https:\/\/estado29.mx\/index.php?rest_route=%2Fwp%2Fv2%2Fmedia&parent=94962"}],"wp:term":[{"taxonomy":"category","embeddable":true,"href":"https:\/\/estado29.mx\/index.php?rest_route=%2Fwp%2Fv2%2Fcategories&post=94962"},{"taxonomy":"post_tag","embeddable":true,"href":"https:\/\/estado29.mx\/index.php?rest_route=%2Fwp%2Fv2%2Ftags&post=94962"}],"curies":[{"name":"wp","href":"https:\/\/api.w.org\/{rel}","templated":true}]}}