{"id":94971,"date":"2025-04-28T18:15:08","date_gmt":"2025-04-28T18:15:08","guid":{"rendered":"https:\/\/estado29.mx\/?p=94971"},"modified":"2025-04-28T18:15:08","modified_gmt":"2025-04-28T18:15:08","slug":"el-29-de-abril-se-llevara-a-cabo-el-primer-simulacro-nacional-2025","status":"publish","type":"post","link":"https:\/\/estado29.mx\/?p=94971","title":{"rendered":"El 29 de abril se llevar\u00e1 a cabo el Primer Simulacro Nacional 2025."},"content":{"rendered":"\n<figure class=\"wp-block-gallery has-nested-images columns-default is-cropped wp-block-gallery-1 is-layout-flex wp-block-gallery-is-layout-flex\">\n<figure class=\"wp-block-image size-full\"><img loading=\"lazy\" decoding=\"async\" width=\"768\" height=\"960\" data-id=\"94972\" src=\"http:\/\/estado29.mx\/wp-content\/uploads\/2025\/04\/494059988_122150023442516515_6611344518309080862_n.jpg\" alt=\"\" class=\"wp-image-94972\" srcset=\"https:\/\/estado29.mx\/wp-content\/uploads\/2025\/04\/494059988_122150023442516515_6611344518309080862_n.jpg 768w, https:\/\/estado29.mx\/wp-content\/uploads\/2025\/04\/494059988_122150023442516515_6611344518309080862_n-240x300.jpg 240w, https:\/\/estado29.mx\/wp-content\/uploads\/2025\/04\/494059988_122150023442516515_6611344518309080862_n-750x938.jpg 750w\" sizes=\"auto, (max-width: 768px) 100vw, 768px\" \/><\/figure>\n<\/figure>\n\n\n\n<p>En Tlaxcala de Xicoht\u00e9ncatl, asumimos con compromiso y responsabilidad nuestra participaci\u00f3n.<\/p>\n\n\n\n<p>Tomar parte en este simulacro nos ayuda a familiarizarnos con los protocolos de evacuaci\u00f3n frente a un sismo.<\/p>\n\n\n\n<p>\u00a1Anima a tu familia, amigos, vecinos, o colegas de trabajo y escuela a unirse a este ejercicio vital de preparaci\u00f3n! <img loading=\"lazy\" decoding=\"async\" height=\"16\" width=\"16\" alt=\"\ud83c\udfe1\" src=\"https:\/\/static.xx.fbcdn.net\/images\/emoji.php\/v9\/t77\/1\/16\/1f3e1.png\"><img loading=\"lazy\" decoding=\"async\" height=\"16\" width=\"16\" alt=\"\u26a0\ufe0f\" src=\"https:\/\/static.xx.fbcdn.net\/images\/emoji.php\/v9\/tdc\/1\/16\/26a0.png\"><\/p>\n","protected":false},"excerpt":{"rendered":"<p>En Tlaxcala de Xicoht\u00e9ncatl, asumimos con compromiso y responsabilidad nuestra participaci\u00f3n. Tomar parte en este simulacro nos ayuda a familiarizarnos con los protocolos de evacuaci\u00f3n frente a un sismo. \u00a1Anima a tu familia, amigos, vecinos, o colegas de trabajo y escuela a unirse a este ejercicio vital de preparaci\u00f3n!<\/p>\n","protected":false},"author":4,"featured_media":0,"comment_status":"open","ping_status":"open","sticky":false,"template":"","format":"standard","meta":{"om_disable_all_campaigns":false,"_monsterinsights_skip_tracking":false,"_monsterinsights_sitenote_active":false,"_monsterinsights_sitenote_note":"","_monsterinsights_sitenote_category":0,"jnews-multi-image_gallery":[],"jnews_single_post":[],"jnews_primary_category":[],"footnotes":""},"categories":[1],"tags":[],"class_list":["post-94971","post","type-post","status-publish","format-standard","hentry","category-uncategorized"],"aioseo_notices":[],"_links":{"self":[{"href":"https:\/\/estado29.mx\/index.php?rest_route=\/wp\/v2\/posts\/94971","targetHints":{"allow":["GET"]}}],"collection":[{"href":"https:\/\/estado29.mx\/index.php?rest_route=\/wp\/v2\/posts"}],"about":[{"href":"https:\/\/estado29.mx\/index.php?rest_route=\/wp\/v2\/types\/post"}],"author":[{"embeddable":true,"href":"https:\/\/estado29.mx\/index.php?rest_route=\/wp\/v2\/users\/4"}],"replies":[{"embeddable":true,"href":"https:\/\/estado29.mx\/index.php?rest_route=%2Fwp%2Fv2%2Fcomments&post=94971"}],"version-history":[{"count":2,"href":"https:\/\/estado29.mx\/index.php?rest_route=\/wp\/v2\/posts\/94971\/revisions"}],"predecessor-version":[{"id":94974,"href":"https:\/\/estado29.mx\/index.php?rest_route=\/wp\/v2\/posts\/94971\/revisions\/94974"}],"wp:attachment":[{"href":"https:\/\/estado29.mx\/index.php?rest_route=%2Fwp%2Fv2%2Fmedia&parent=94971"}],"wp:term":[{"taxonomy":"category","embeddable":true,"href":"https:\/\/estado29.mx\/index.php?rest_route=%2Fwp%2Fv2%2Fcategories&post=94971"},{"taxonomy":"post_tag","embeddable":true,"href":"https:\/\/estado29.mx\/index.php?rest_route=%2Fwp%2Fv2%2Ftags&post=94971"}],"curies":[{"name":"wp","href":"https:\/\/api.w.org\/{rel}","templated":true}]}}