{"id":94977,"date":"2025-04-28T18:25:49","date_gmt":"2025-04-28T18:25:49","guid":{"rendered":"https:\/\/estado29.mx\/?p=94977"},"modified":"2025-04-28T18:25:49","modified_gmt":"2025-04-28T18:25:49","slug":"destaca-presidenta-claudia-sheinbaum-repunte-de-economia-y-preve-crecimiento-con-obra-publica-y-vivienda","status":"publish","type":"post","link":"https:\/\/estado29.mx\/?p=94977","title":{"rendered":"Destaca presidenta Claudia Sheinbaum repunte de econom\u00eda y prev\u00e9 crecimiento con obra p\u00fablica y vivienda"},"content":{"rendered":"\n<figure class=\"wp-block-gallery has-nested-images columns-default is-cropped wp-block-gallery-1 is-layout-flex wp-block-gallery-is-layout-flex\"><\/figure>\n\n\n\n<p>La Presidenta de M\u00e9xico, Claudia Sheinbaum Pardo, destac\u00f3 el repunte en la econom\u00eda durante el mes de febrero, que document\u00f3 el diario El Financiero, y anunci\u00f3 que en dos o tres meses m\u00e1s habr\u00e1 mayor crecimiento econ\u00f3mico con el impulso a la obra p\u00fablica y la construcci\u00f3n de viviendas a trav\u00e9s del programa Vivienda para el Bienestar.<\/p>\n\n\n\n<p>\u201cYa ven que dec\u00edan que no \u00edbamos a crecer, que estaba muy mal la econom\u00eda y yo les dec\u00eda que no, que esperen y todav\u00eda falta construcci\u00f3n porque apenas estamos dando el impulso a la construcci\u00f3n p\u00fablica, porque ustedes saben que uno de los sectores que m\u00e1s impulsa y dinamiza la econom\u00eda es la construcci\u00f3n, entonces apenas se est\u00e1 desarrollando la vivienda. Yo pienso que, en unos dos meses, tres meses quiz\u00e1, est\u00e9 ya todas las unidades habitacionales que estamos construyendo ya en su m\u00e1ximo y la obra p\u00fablica que tambi\u00e9n apenas inicia\u201d, coment\u00f3 desde la conferencia matutina \u201cLas ma\u00f1aneras del pueblo\u201d.<\/p>\n\n\n\n<p>Record\u00f3 que recientemente se inici\u00f3 con la construcci\u00f3n de la l\u00ednea de carga en el Tren Maya y las l\u00edneas de pasajeros de M\u00e9xico-Pachuca y M\u00e9xico-Quer\u00e9taro, que van a generar empleos y detonar la econom\u00eda del pa\u00eds.<\/p>\n\n\n\n<p>\u201cAyer el general Vallejo dec\u00eda que del M\u00e9xico-Quer\u00e9taro van a ser como 200 mil empleos directos, claro, van a ser en tres a\u00f1os, pero apenas inici\u00f3 esa construcci\u00f3n, entonces en el segundo trimestre se va a ver reflejado la construcci\u00f3n\u201d, destac\u00f3.<\/p>\n\n\n\n<p>A esto, a\u00f1adi\u00f3 los avances en las negociaciones con Estados Unidos en el tema de aranceles en la industria automotriz, del acero y del aluminio. Adempas record\u00f3 que todos los dem\u00e1s productos dentro del T- MEC no tienen tarifas.<\/p>\n\n\n\n<p>Tambi\u00e9n destac\u00f3 que con el Plan M\u00e9xico busca fortalecer la econom\u00eda interna para no depender de las exportaciones.<\/p>\n","protected":false},"excerpt":{"rendered":"<p>La Presidenta de M\u00e9xico, Claudia Sheinbaum Pardo, destac\u00f3 el repunte en la econom\u00eda durante el mes de febrero, que document\u00f3 el diario El Financiero, y anunci\u00f3 que en dos o tres meses m\u00e1s habr\u00e1 mayor crecimiento econ\u00f3mico con el impulso a la obra p\u00fablica y la construcci\u00f3n de viviendas a trav\u00e9s del programa Vivienda para [&hellip;]<\/p>\n","protected":false},"author":4,"featured_media":0,"comment_status":"open","ping_status":"open","sticky":false,"template":"","format":"standard","meta":{"om_disable_all_campaigns":false,"_monsterinsights_skip_tracking":false,"_monsterinsights_sitenote_active":false,"_monsterinsights_sitenote_note":"","_monsterinsights_sitenote_category":0,"jnews-multi-image_gallery":[],"jnews_single_post":[],"jnews_primary_category":[],"footnotes":""},"categories":[1],"tags":[],"class_list":["post-94977","post","type-post","status-publish","format-standard","hentry","category-uncategorized"],"aioseo_notices":[],"_links":{"self":[{"href":"https:\/\/estado29.mx\/index.php?rest_route=\/wp\/v2\/posts\/94977","targetHints":{"allow":["GET"]}}],"collection":[{"href":"https:\/\/estado29.mx\/index.php?rest_route=\/wp\/v2\/posts"}],"about":[{"href":"https:\/\/estado29.mx\/index.php?rest_route=\/wp\/v2\/types\/post"}],"author":[{"embeddable":true,"href":"https:\/\/estado29.mx\/index.php?rest_route=\/wp\/v2\/users\/4"}],"replies":[{"embeddable":true,"href":"https:\/\/estado29.mx\/index.php?rest_route=%2Fwp%2Fv2%2Fcomments&post=94977"}],"version-history":[{"count":2,"href":"https:\/\/estado29.mx\/index.php?rest_route=\/wp\/v2\/posts\/94977\/revisions"}],"predecessor-version":[{"id":94980,"href":"https:\/\/estado29.mx\/index.php?rest_route=\/wp\/v2\/posts\/94977\/revisions\/94980"}],"wp:attachment":[{"href":"https:\/\/estado29.mx\/index.php?rest_route=%2Fwp%2Fv2%2Fmedia&parent=94977"}],"wp:term":[{"taxonomy":"category","embeddable":true,"href":"https:\/\/estado29.mx\/index.php?rest_route=%2Fwp%2Fv2%2Fcategories&post=94977"},{"taxonomy":"post_tag","embeddable":true,"href":"https:\/\/estado29.mx\/index.php?rest_route=%2Fwp%2Fv2%2Ftags&post=94977"}],"curies":[{"name":"wp","href":"https:\/\/api.w.org\/{rel}","templated":true}]}}