{"id":95008,"date":"2025-04-29T18:52:55","date_gmt":"2025-04-29T18:52:55","guid":{"rendered":"https:\/\/estado29.mx\/?p=95008"},"modified":"2025-04-29T18:52:56","modified_gmt":"2025-04-29T18:52:56","slug":"sera-una-de-las-mejores-ferias-anuncia-salvador-santos-cedillo","status":"publish","type":"post","link":"https:\/\/estado29.mx\/?p=95008","title":{"rendered":"\u201cSer\u00e1 una de las mejores ferias\u2026\u201d anuncia Salvador Santos Cedillo\u00a0"},"content":{"rendered":"\n<p>Salvador Santos Cedillo, Presidente Municipal de Huamantla, anunci\u00f3 que en este 2025, el pueblo m\u00e1gico vivir\u00e1 una de las mejores ferias en su historia.<\/p>\n\n\n\n<p>Aunque se hab\u00eda anunciado que la presentaci\u00f3n de la Feria de Huamantla ser\u00eda hace algunas semanas, inform\u00f3 que no fue posible debido a la confirmaci\u00f3n de algunos aristas, confiando ser\u00e1 en pr\u00f3ximos d\u00edas cuando se realice.&nbsp;<\/p>\n\n\n\n<p>Expres\u00f3 que habr\u00e1 eventos para todos los gustos, entre los que destacan la presentaci\u00f3n de artistas de primer nivel.&nbsp;<\/p>\n\n\n\n<p>\u201cNuestra feria ha subido mucho de nivel no podemos dejar que decaiga, es una gran oportunidad de que nuestra econom\u00eda se fortalezca, con m\u00e1s visitantes en nuestra ciudad\u2026\u201d se\u00f1al\u00f3 Salvador Santos Cedillo.&nbsp;<\/p>\n","protected":false},"excerpt":{"rendered":"<p>Salvador Santos Cedillo, Presidente Municipal de Huamantla, anunci\u00f3 que en este 2025, el pueblo m\u00e1gico vivir\u00e1 una de las mejores ferias en su historia. Aunque se hab\u00eda anunciado que la presentaci\u00f3n de la Feria de Huamantla ser\u00eda hace algunas semanas, inform\u00f3 que no fue posible debido a la confirmaci\u00f3n de algunos aristas, confiando ser\u00e1 en [&hellip;]<\/p>\n","protected":false},"author":5,"featured_media":95010,"comment_status":"open","ping_status":"open","sticky":false,"template":"","format":"standard","meta":{"om_disable_all_campaigns":false,"_monsterinsights_skip_tracking":false,"_monsterinsights_sitenote_active":false,"_monsterinsights_sitenote_note":"","_monsterinsights_sitenote_category":0,"jnews-multi-image_gallery":[],"jnews_single_post":{"format":"standard"},"jnews_primary_category":[],"footnotes":""},"categories":[1],"tags":[],"class_list":["post-95008","post","type-post","status-publish","format-standard","has-post-thumbnail","hentry","category-uncategorized"],"aioseo_notices":[],"_links":{"self":[{"href":"https:\/\/estado29.mx\/index.php?rest_route=\/wp\/v2\/posts\/95008","targetHints":{"allow":["GET"]}}],"collection":[{"href":"https:\/\/estado29.mx\/index.php?rest_route=\/wp\/v2\/posts"}],"about":[{"href":"https:\/\/estado29.mx\/index.php?rest_route=\/wp\/v2\/types\/post"}],"author":[{"embeddable":true,"href":"https:\/\/estado29.mx\/index.php?rest_route=\/wp\/v2\/users\/5"}],"replies":[{"embeddable":true,"href":"https:\/\/estado29.mx\/index.php?rest_route=%2Fwp%2Fv2%2Fcomments&post=95008"}],"version-history":[{"count":1,"href":"https:\/\/estado29.mx\/index.php?rest_route=\/wp\/v2\/posts\/95008\/revisions"}],"predecessor-version":[{"id":95011,"href":"https:\/\/estado29.mx\/index.php?rest_route=\/wp\/v2\/posts\/95008\/revisions\/95011"}],"wp:featuredmedia":[{"embeddable":true,"href":"https:\/\/estado29.mx\/index.php?rest_route=\/wp\/v2\/media\/95010"}],"wp:attachment":[{"href":"https:\/\/estado29.mx\/index.php?rest_route=%2Fwp%2Fv2%2Fmedia&parent=95008"}],"wp:term":[{"taxonomy":"category","embeddable":true,"href":"https:\/\/estado29.mx\/index.php?rest_route=%2Fwp%2Fv2%2Fcategories&post=95008"},{"taxonomy":"post_tag","embeddable":true,"href":"https:\/\/estado29.mx\/index.php?rest_route=%2Fwp%2Fv2%2Ftags&post=95008"}],"curies":[{"name":"wp","href":"https:\/\/api.w.org\/{rel}","templated":true}]}}