{"id":95012,"date":"2025-04-29T19:25:53","date_gmt":"2025-04-29T19:25:53","guid":{"rendered":"https:\/\/estado29.mx\/?p=95012"},"modified":"2025-04-29T19:25:53","modified_gmt":"2025-04-29T19:25:53","slug":"desde-tlaxcala-de-xicohtencatl-el-presidente-alfonso-sanchez-impulsa-el-patrimonio-vivo-del-estado","status":"publish","type":"post","link":"https:\/\/estado29.mx\/?p=95012","title":{"rendered":"Desde Tlaxcala de Xicoht\u00e9ncatl, el presidente Alfonso S\u00e1nchez impulsa el patrimonio vivo del estado"},"content":{"rendered":"<figure class=\"wp-block-post-featured-image\"><img loading=\"lazy\" decoding=\"async\" width=\"1600\" height=\"1066\" src=\"https:\/\/estado29.mx\/wp-content\/uploads\/2025\/04\/WhatsApp-Image-2025-04-29-at-1.05.44-PM.jpeg\" class=\"attachment-post-thumbnail size-post-thumbnail wp-post-image\" alt=\"\" style=\"object-fit:cover;\" srcset=\"https:\/\/estado29.mx\/wp-content\/uploads\/2025\/04\/WhatsApp-Image-2025-04-29-at-1.05.44-PM.jpeg 1600w, https:\/\/estado29.mx\/wp-content\/uploads\/2025\/04\/WhatsApp-Image-2025-04-29-at-1.05.44-PM-300x200.jpeg 300w, https:\/\/estado29.mx\/wp-content\/uploads\/2025\/04\/WhatsApp-Image-2025-04-29-at-1.05.44-PM-1024x682.jpeg 1024w, https:\/\/estado29.mx\/wp-content\/uploads\/2025\/04\/WhatsApp-Image-2025-04-29-at-1.05.44-PM-768x512.jpeg 768w, https:\/\/estado29.mx\/wp-content\/uploads\/2025\/04\/WhatsApp-Image-2025-04-29-at-1.05.44-PM-1536x1023.jpeg 1536w, https:\/\/estado29.mx\/wp-content\/uploads\/2025\/04\/WhatsApp-Image-2025-04-29-at-1.05.44-PM-750x500.jpeg 750w, https:\/\/estado29.mx\/wp-content\/uploads\/2025\/04\/WhatsApp-Image-2025-04-29-at-1.05.44-PM-1140x760.jpeg 1140w\" sizes=\"auto, (max-width: 1600px) 100vw, 1600px\" \/><\/figure>\n\n\n<ul class=\"wp-block-list\">\n<li>El alcalde remarc\u00f3 la disposici\u00f3n del gobierno municipal de difundir visibilizar las expresiones culturales y patrimonio vivo de la entidad como un eje de bienestar social y como veh\u00edculo de identidad, cohesi\u00f3n social y desarrollo humano<\/li>\n<\/ul>\n\n\n\n<p>El presidente municipal de Tlaxcala, Alfonso S\u00e1nchez Garc\u00eda, inaugur\u00f3 este martes la exposici\u00f3n itinerante \u201cPatrimonio Vivo de Tlaxcala\u201d, una muestra que celebra las expresiones culturales inmateriales del estado y que regresa a la capital como parte de su ruta de difusi\u00f3n estatal.<\/p>\n\n\n\n<p>La ceremonia se llev\u00f3 a cabo en la hist\u00f3rica Casa del Ayuntamiento, donde el alcalde se comprometi\u00f3 a promover el acceso a la cultura como eje del bienestar social, en el marco del 22\u00ba aniversario de la Convenci\u00f3n de la UNESCO para la Salvaguardia del Patrimonio Cultural Inmaterial.<\/p>\n\n\n\n<figure class=\"wp-block-gallery has-nested-images columns-default is-cropped wp-block-gallery-1 is-layout-flex wp-block-gallery-is-layout-flex\">\n<figure class=\"wp-block-image size-large\"><img loading=\"lazy\" decoding=\"async\" width=\"1024\" height=\"682\" data-id=\"95014\" src=\"https:\/\/estado29.mx\/wp-content\/uploads\/2025\/04\/WhatsApp-Image-2025-04-29-at-1.05.44-PM-2-1024x682.jpeg\" alt=\"\" class=\"wp-image-95014\" srcset=\"https:\/\/estado29.mx\/wp-content\/uploads\/2025\/04\/WhatsApp-Image-2025-04-29-at-1.05.44-PM-2-1024x682.jpeg 1024w, https:\/\/estado29.mx\/wp-content\/uploads\/2025\/04\/WhatsApp-Image-2025-04-29-at-1.05.44-PM-2-300x200.jpeg 300w, https:\/\/estado29.mx\/wp-content\/uploads\/2025\/04\/WhatsApp-Image-2025-04-29-at-1.05.44-PM-2-768x512.jpeg 768w, https:\/\/estado29.mx\/wp-content\/uploads\/2025\/04\/WhatsApp-Image-2025-04-29-at-1.05.44-PM-2-1536x1023.jpeg 1536w, https:\/\/estado29.mx\/wp-content\/uploads\/2025\/04\/WhatsApp-Image-2025-04-29-at-1.05.44-PM-2-750x500.jpeg 750w, https:\/\/estado29.mx\/wp-content\/uploads\/2025\/04\/WhatsApp-Image-2025-04-29-at-1.05.44-PM-2-1140x760.jpeg 1140w, https:\/\/estado29.mx\/wp-content\/uploads\/2025\/04\/WhatsApp-Image-2025-04-29-at-1.05.44-PM-2.jpeg 1600w\" sizes=\"auto, (max-width: 1024px) 100vw, 1024px\" \/><\/figure>\n\n\n\n<figure class=\"wp-block-image size-large\"><img loading=\"lazy\" decoding=\"async\" width=\"1024\" height=\"682\" data-id=\"95015\" src=\"https:\/\/estado29.mx\/wp-content\/uploads\/2025\/04\/WhatsApp-Image-2025-04-29-at-1.05.44-PM-1-1024x682.jpeg\" alt=\"\" class=\"wp-image-95015\" srcset=\"https:\/\/estado29.mx\/wp-content\/uploads\/2025\/04\/WhatsApp-Image-2025-04-29-at-1.05.44-PM-1-1024x682.jpeg 1024w, https:\/\/estado29.mx\/wp-content\/uploads\/2025\/04\/WhatsApp-Image-2025-04-29-at-1.05.44-PM-1-300x200.jpeg 300w, https:\/\/estado29.mx\/wp-content\/uploads\/2025\/04\/WhatsApp-Image-2025-04-29-at-1.05.44-PM-1-768x512.jpeg 768w, https:\/\/estado29.mx\/wp-content\/uploads\/2025\/04\/WhatsApp-Image-2025-04-29-at-1.05.44-PM-1-1536x1023.jpeg 1536w, https:\/\/estado29.mx\/wp-content\/uploads\/2025\/04\/WhatsApp-Image-2025-04-29-at-1.05.44-PM-1-750x500.jpeg 750w, https:\/\/estado29.mx\/wp-content\/uploads\/2025\/04\/WhatsApp-Image-2025-04-29-at-1.05.44-PM-1-1140x760.jpeg 1140w, https:\/\/estado29.mx\/wp-content\/uploads\/2025\/04\/WhatsApp-Image-2025-04-29-at-1.05.44-PM-1.jpeg 1600w\" sizes=\"auto, (max-width: 1024px) 100vw, 1024px\" \/><\/figure>\n\n\n\n<figure class=\"wp-block-image size-large\"><img loading=\"lazy\" decoding=\"async\" width=\"1024\" height=\"682\" data-id=\"95016\" src=\"https:\/\/estado29.mx\/wp-content\/uploads\/2025\/04\/WhatsApp-Image-2025-04-29-at-1.05.43-PM-1024x682.jpeg\" alt=\"\" class=\"wp-image-95016\" srcset=\"https:\/\/estado29.mx\/wp-content\/uploads\/2025\/04\/WhatsApp-Image-2025-04-29-at-1.05.43-PM-1024x682.jpeg 1024w, https:\/\/estado29.mx\/wp-content\/uploads\/2025\/04\/WhatsApp-Image-2025-04-29-at-1.05.43-PM-300x200.jpeg 300w, https:\/\/estado29.mx\/wp-content\/uploads\/2025\/04\/WhatsApp-Image-2025-04-29-at-1.05.43-PM-768x512.jpeg 768w, https:\/\/estado29.mx\/wp-content\/uploads\/2025\/04\/WhatsApp-Image-2025-04-29-at-1.05.43-PM-1536x1023.jpeg 1536w, https:\/\/estado29.mx\/wp-content\/uploads\/2025\/04\/WhatsApp-Image-2025-04-29-at-1.05.43-PM-750x500.jpeg 750w, https:\/\/estado29.mx\/wp-content\/uploads\/2025\/04\/WhatsApp-Image-2025-04-29-at-1.05.43-PM-1140x760.jpeg 1140w, https:\/\/estado29.mx\/wp-content\/uploads\/2025\/04\/WhatsApp-Image-2025-04-29-at-1.05.43-PM.jpeg 1600w\" sizes=\"auto, (max-width: 1024px) 100vw, 1024px\" \/><\/figure>\n<\/figure>\n\n\n\n<p>En su mensaje, el presidente Alfonso S\u00e1nchez Garc\u00eda destac\u00f3 que desde Tlaxcala de Xicoht\u00e9ncatl se impulsa una agenda cultural viva, que fortalece la identidad y promueve el orgullo por nuestras tradiciones.<\/p>\n\n\n\n<p>\u201cTlaxcala tiene su coraz\u00f3n un profundo arraigo; aqu\u00ed nacen estas expresiones culturales que llevan resistiendo d\u00e9cadas, incluso siglos, y que hoy tenemos el deber de apoyarlas, visibilizarlas y mostrarlas para que visitantes y locales se empapen de estas manifestaciones tan maravillosas que nos dan identidad.\u201d, afirm\u00f3.<\/p>\n\n\n\n<p>El evento cont\u00f3 con la presencia de la secretaria de Cultura del Estado, Karen Villeda, y del director del Centro INAH Tlaxcala, Jos\u00e9 Vicente de la Rosa, quienes coincidieron en la importancia de conservar y difundir las tradiciones vivas de los pueblos tlaxcaltecas. Ambos destacaron que esta labor es esencial para honrar los cinco siglos de historia de la ciudad, sin perder de vista el valor comunitario de su herencia cultural.<\/p>\n\n\n\n<p>La exposici\u00f3n, gestionada por la Direcci\u00f3n de Cultura municipal en coordinaci\u00f3n con el Instituto Nacional de Antropolog\u00eda e Historia (INAH), est\u00e1 integrada por 20 im\u00e1genes que documentan pr\u00e1cticas vivas del patrimonio cultural inmaterial de Tlaxcala, como procesiones, rituales y fiestas populares, cocina tradicional, m\u00fasica y danzas del carnaval, medicina tradicional, oficios y saberes populares, as\u00ed como expresiones emblem\u00e1ticas como la tauromaquia, la talavera de San Pablo del Monte y las alfombras de Huamantla.<\/p>\n\n\n\n<p>Varias de estas manifestaciones han sido reconocidas como patrimonio cultural inmaterial estatal y nacional, y algunas se proyectan hacia su reconocimiento internacional, como el caso de las alfombras de Huamantla.<\/p>\n\n\n\n<p>Este esfuerzo se alinea con el Plan Municipal de Desarrollo 2024\u20132027, dentro del eje de Bienestar Social, que establece como prioridad el impulso a la cultura como veh\u00edculo de identidad, cohesi\u00f3n social y desarrollo humano.<\/p>\n","protected":false},"excerpt":{"rendered":"<p>El presidente municipal de Tlaxcala, Alfonso S\u00e1nchez Garc\u00eda, inaugur\u00f3 este martes la exposici\u00f3n itinerante \u201cPatrimonio Vivo de Tlaxcala\u201d, una muestra que celebra las expresiones culturales inmateriales del estado y que regresa a la capital como parte de su ruta de difusi\u00f3n estatal. La ceremonia se llev\u00f3 a cabo en la hist\u00f3rica Casa del Ayuntamiento, donde [&hellip;]<\/p>\n","protected":false},"author":4,"featured_media":95013,"comment_status":"open","ping_status":"open","sticky":false,"template":"","format":"standard","meta":{"om_disable_all_campaigns":false,"_monsterinsights_skip_tracking":false,"_monsterinsights_sitenote_active":false,"_monsterinsights_sitenote_note":"","_monsterinsights_sitenote_category":0,"jnews-multi-image_gallery":[],"jnews_single_post":{"format":"standard"},"jnews_primary_category":[],"footnotes":""},"categories":[1],"tags":[],"class_list":["post-95012","post","type-post","status-publish","format-standard","has-post-thumbnail","hentry","category-uncategorized"],"aioseo_notices":[],"_links":{"self":[{"href":"https:\/\/estado29.mx\/index.php?rest_route=\/wp\/v2\/posts\/95012","targetHints":{"allow":["GET"]}}],"collection":[{"href":"https:\/\/estado29.mx\/index.php?rest_route=\/wp\/v2\/posts"}],"about":[{"href":"https:\/\/estado29.mx\/index.php?rest_route=\/wp\/v2\/types\/post"}],"author":[{"embeddable":true,"href":"https:\/\/estado29.mx\/index.php?rest_route=\/wp\/v2\/users\/4"}],"replies":[{"embeddable":true,"href":"https:\/\/estado29.mx\/index.php?rest_route=%2Fwp%2Fv2%2Fcomments&post=95012"}],"version-history":[{"count":1,"href":"https:\/\/estado29.mx\/index.php?rest_route=\/wp\/v2\/posts\/95012\/revisions"}],"predecessor-version":[{"id":95017,"href":"https:\/\/estado29.mx\/index.php?rest_route=\/wp\/v2\/posts\/95012\/revisions\/95017"}],"wp:featuredmedia":[{"embeddable":true,"href":"https:\/\/estado29.mx\/index.php?rest_route=\/wp\/v2\/media\/95013"}],"wp:attachment":[{"href":"https:\/\/estado29.mx\/index.php?rest_route=%2Fwp%2Fv2%2Fmedia&parent=95012"}],"wp:term":[{"taxonomy":"category","embeddable":true,"href":"https:\/\/estado29.mx\/index.php?rest_route=%2Fwp%2Fv2%2Fcategories&post=95012"},{"taxonomy":"post_tag","embeddable":true,"href":"https:\/\/estado29.mx\/index.php?rest_route=%2Fwp%2Fv2%2Ftags&post=95012"}],"curies":[{"name":"wp","href":"https:\/\/api.w.org\/{rel}","templated":true}]}}