{"id":95018,"date":"2025-04-29T19:30:24","date_gmt":"2025-04-29T19:30:24","guid":{"rendered":"https:\/\/estado29.mx\/?p=95018"},"modified":"2025-04-29T19:30:24","modified_gmt":"2025-04-29T19:30:24","slug":"concluyo-en-la-uatx-1-er-seminario-permanente-de-derecho-constitucional","status":"publish","type":"post","link":"https:\/\/estado29.mx\/?p=95018","title":{"rendered":"Concluy\u00f3 en la UATx 1.er Seminario Permanente de Derecho Constitucional"},"content":{"rendered":"<figure class=\"wp-block-post-featured-image\"><img loading=\"lazy\" decoding=\"async\" width=\"1280\" height=\"853\" src=\"https:\/\/estado29.mx\/wp-content\/uploads\/2025\/04\/WhatsApp-Image-2025-04-29-at-10.09.48-AM.jpeg\" class=\"attachment-post-thumbnail size-post-thumbnail wp-post-image\" alt=\"\" style=\"object-fit:cover;\" srcset=\"https:\/\/estado29.mx\/wp-content\/uploads\/2025\/04\/WhatsApp-Image-2025-04-29-at-10.09.48-AM.jpeg 1280w, https:\/\/estado29.mx\/wp-content\/uploads\/2025\/04\/WhatsApp-Image-2025-04-29-at-10.09.48-AM-300x200.jpeg 300w, https:\/\/estado29.mx\/wp-content\/uploads\/2025\/04\/WhatsApp-Image-2025-04-29-at-10.09.48-AM-1024x682.jpeg 1024w, https:\/\/estado29.mx\/wp-content\/uploads\/2025\/04\/WhatsApp-Image-2025-04-29-at-10.09.48-AM-768x512.jpeg 768w, https:\/\/estado29.mx\/wp-content\/uploads\/2025\/04\/WhatsApp-Image-2025-04-29-at-10.09.48-AM-750x500.jpeg 750w, https:\/\/estado29.mx\/wp-content\/uploads\/2025\/04\/WhatsApp-Image-2025-04-29-at-10.09.48-AM-1140x760.jpeg 1140w\" sizes=\"auto, (max-width: 1280px) 100vw, 1280px\" \/><\/figure>\n\n\n<p>Con el prop\u00f3sito de seguir abonando a la discusi\u00f3n y la reflexi\u00f3n en materia de Derecho Constitucional, concluy\u00f3 en la Universidad Aut\u00f3noma de Tlaxcala (UATx) el 1.er Seminario Permanente de Derecho Constitucional \u201cReformas Recientes a la Constituci\u00f3n Mexicana\u201d, foro que gener\u00f3 espacios de an\u00e1lisis y divulgaci\u00f3n cr\u00edtica accesibles para acad\u00e9micos, estudiantes, funcionarios y la sociedad en general, aportando material de consulta confiable y riguroso que acompa\u00f1e las actividades acad\u00e9micas.<\/p>\n\n\n\n<p>Teniendo como sede Teatro Universitario, el Maestro Dante Morales Cruz, Director de la Facultad de Derecho, Ciencias Pol\u00edticas y Criminolog\u00eda, subray\u00f3 que en la segunda jornada de trabajo dedicada a las charlas sobre el proceso de reforma al Poder Judicial, resulta fundamental la destacada participaci\u00f3n de las y los abogados, quienes deben estar plenamente informados de primera mano sobre los acontecimientos de esta trascendental elecci\u00f3n.<\/p>\n\n\n\n<p>En su momento el Doctor Favi\u00e1n Aquiahuatl Denicia, Presidente de la Academia de Derecho Constitucional de la Licenciatura en Derecho, refiri\u00f3 que como Instituci\u00f3n nos toca hacer un aporte a la sociedad a trav\u00e9s de estas conferencias para conocer qu\u00e9 es lo que hay que hacer en este proceso electoral del Poder Judicial.<\/p>\n\n\n\n<p>Este seminario finaliz\u00f3 con la participaci\u00f3n del Ingeniero Jes\u00fas Lule Ortega, Vocal Ejecutivo de la Junta Local del Instituto Nacional Electoral en el estado de Tlaxcala, quien tuvo a su cargo la conferencia \u201cEl proceso electoral judicial federal 2025\u201d.<\/p>\n\n\n\n<p>Adem\u00e1s, se cont\u00f3 con la disertaci\u00f3n del Licenciado Emmanuel \u00c1vila Gonz\u00e1lez con el tema \u201cEl proceso electoral judicial local 2025 en Tlaxcala\u201d; y el Doctor Sergio M\u00e1rquez R\u00e1bago brind\u00f3 la ponencia \u201cCrisis constitucional y la divisi\u00f3n de poderes\u201d.<\/p>\n\n\n\n<p>La organizaci\u00f3n estuvo a cargo de la Academia de Derecho Constitucional de la Licenciatura en Derecho, campus Rector\u00eda, de la Academia de Pol\u00edtica de la Licenciatura en Ciencias Pol\u00edticas y Administraci\u00f3n P\u00fablica, y del \u00e1rea de Educaci\u00f3n Continua de la Facultad de Derecho, Ciencias Pol\u00edticas y Criminolog\u00eda.<\/p>\n","protected":false},"excerpt":{"rendered":"<p>Con el prop\u00f3sito de seguir abonando a la discusi\u00f3n y la reflexi\u00f3n en materia de Derecho Constitucional, concluy\u00f3 en la Universidad Aut\u00f3noma de Tlaxcala (UATx) el 1.er Seminario Permanente de Derecho Constitucional \u201cReformas Recientes a la Constituci\u00f3n Mexicana\u201d, foro que gener\u00f3 espacios de an\u00e1lisis y divulgaci\u00f3n cr\u00edtica accesibles para acad\u00e9micos, estudiantes, funcionarios y la sociedad [&hellip;]<\/p>\n","protected":false},"author":9,"featured_media":95019,"comment_status":"open","ping_status":"open","sticky":false,"template":"","format":"standard","meta":{"om_disable_all_campaigns":false,"_monsterinsights_skip_tracking":false,"_monsterinsights_sitenote_active":false,"_monsterinsights_sitenote_note":"","_monsterinsights_sitenote_category":0,"jnews-multi-image_gallery":[],"jnews_single_post":{"format":"standard"},"jnews_primary_category":[],"footnotes":""},"categories":[1],"tags":[],"class_list":["post-95018","post","type-post","status-publish","format-standard","has-post-thumbnail","hentry","category-uncategorized"],"aioseo_notices":[],"_links":{"self":[{"href":"https:\/\/estado29.mx\/index.php?rest_route=\/wp\/v2\/posts\/95018","targetHints":{"allow":["GET"]}}],"collection":[{"href":"https:\/\/estado29.mx\/index.php?rest_route=\/wp\/v2\/posts"}],"about":[{"href":"https:\/\/estado29.mx\/index.php?rest_route=\/wp\/v2\/types\/post"}],"author":[{"embeddable":true,"href":"https:\/\/estado29.mx\/index.php?rest_route=\/wp\/v2\/users\/9"}],"replies":[{"embeddable":true,"href":"https:\/\/estado29.mx\/index.php?rest_route=%2Fwp%2Fv2%2Fcomments&post=95018"}],"version-history":[{"count":1,"href":"https:\/\/estado29.mx\/index.php?rest_route=\/wp\/v2\/posts\/95018\/revisions"}],"predecessor-version":[{"id":95020,"href":"https:\/\/estado29.mx\/index.php?rest_route=\/wp\/v2\/posts\/95018\/revisions\/95020"}],"wp:featuredmedia":[{"embeddable":true,"href":"https:\/\/estado29.mx\/index.php?rest_route=\/wp\/v2\/media\/95019"}],"wp:attachment":[{"href":"https:\/\/estado29.mx\/index.php?rest_route=%2Fwp%2Fv2%2Fmedia&parent=95018"}],"wp:term":[{"taxonomy":"category","embeddable":true,"href":"https:\/\/estado29.mx\/index.php?rest_route=%2Fwp%2Fv2%2Fcategories&post=95018"},{"taxonomy":"post_tag","embeddable":true,"href":"https:\/\/estado29.mx\/index.php?rest_route=%2Fwp%2Fv2%2Ftags&post=95018"}],"curies":[{"name":"wp","href":"https:\/\/api.w.org\/{rel}","templated":true}]}}