{"id":95032,"date":"2025-04-29T22:08:43","date_gmt":"2025-04-29T22:08:43","guid":{"rendered":"https:\/\/estado29.mx\/?p=95032"},"modified":"2025-04-29T22:08:44","modified_gmt":"2025-04-29T22:08:44","slug":"regresa-presidente-alfonso-sanchez-garcia-a-san-lucas-cuauhtelulpan-con-las-jornadas-de-bienestar","status":"publish","type":"post","link":"https:\/\/estado29.mx\/?p=95032","title":{"rendered":"Regresa presidente Alfonso S\u00e1nchez Garc\u00eda a San Lucas Cuauhtelulpan con las \u201cJornadas de Bienestar\u201d"},"content":{"rendered":"<figure class=\"wp-block-post-featured-image\"><img loading=\"lazy\" decoding=\"async\" width=\"1600\" height=\"1068\" src=\"https:\/\/estado29.mx\/wp-content\/uploads\/2025\/04\/IMG-20250429-WA0442.jpg\" class=\"attachment-post-thumbnail size-post-thumbnail wp-post-image\" alt=\"\" style=\"object-fit:cover;\" srcset=\"https:\/\/estado29.mx\/wp-content\/uploads\/2025\/04\/IMG-20250429-WA0442.jpg 1600w, https:\/\/estado29.mx\/wp-content\/uploads\/2025\/04\/IMG-20250429-WA0442-300x200.jpg 300w, https:\/\/estado29.mx\/wp-content\/uploads\/2025\/04\/IMG-20250429-WA0442-1024x684.jpg 1024w, https:\/\/estado29.mx\/wp-content\/uploads\/2025\/04\/IMG-20250429-WA0442-768x513.jpg 768w, https:\/\/estado29.mx\/wp-content\/uploads\/2025\/04\/IMG-20250429-WA0442-1536x1025.jpg 1536w, https:\/\/estado29.mx\/wp-content\/uploads\/2025\/04\/IMG-20250429-WA0442-750x501.jpg 750w, https:\/\/estado29.mx\/wp-content\/uploads\/2025\/04\/IMG-20250429-WA0442-1140x761.jpg 1140w\" sizes=\"auto, (max-width: 1600px) 100vw, 1600px\" \/><\/figure>\n\n\n<ul class=\"wp-block-list\">\n<li><em>Durante la jornada, se firm\u00f3 un convenio con la Secretaria de Impulso Agropecuario (SIA) para brindar certeza jur\u00eddica a introductores de ganado y con ello garantizar carne certificada y de calidad en la capital<\/em><\/li>\n<\/ul>\n\n\n\n<p>Por segunda ocasi\u00f3n, la comunidad de San Lucas Cuauhtelulpan recibi\u00f3 los beneficios de las Jornadas del Bienestar, una estrategia integral impulsada por el presidente municipal Alfonso S\u00e1nchez Garc\u00eda, que busca acercar servicios de salud, alimentaci\u00f3n, educaci\u00f3n y programas sociales a las comunidades m\u00e1s necesitadas.<\/p>\n\n\n\n<figure class=\"wp-block-gallery has-nested-images columns-default is-cropped wp-block-gallery-1 is-layout-flex wp-block-gallery-is-layout-flex\">\n<figure class=\"wp-block-image size-large\"><img loading=\"lazy\" decoding=\"async\" width=\"1024\" height=\"682\" data-id=\"95034\" src=\"https:\/\/estado29.mx\/wp-content\/uploads\/2025\/04\/1000349643-1024x682.jpg\" alt=\"\" class=\"wp-image-95034\" srcset=\"https:\/\/estado29.mx\/wp-content\/uploads\/2025\/04\/1000349643-1024x682.jpg 1024w, https:\/\/estado29.mx\/wp-content\/uploads\/2025\/04\/1000349643-300x200.jpg 300w, https:\/\/estado29.mx\/wp-content\/uploads\/2025\/04\/1000349643-768x512.jpg 768w, https:\/\/estado29.mx\/wp-content\/uploads\/2025\/04\/1000349643-1536x1023.jpg 1536w, https:\/\/estado29.mx\/wp-content\/uploads\/2025\/04\/1000349643-750x500.jpg 750w, https:\/\/estado29.mx\/wp-content\/uploads\/2025\/04\/1000349643-1140x760.jpg 1140w, https:\/\/estado29.mx\/wp-content\/uploads\/2025\/04\/1000349643.jpg 1600w\" sizes=\"auto, (max-width: 1024px) 100vw, 1024px\" \/><\/figure>\n\n\n\n<figure class=\"wp-block-image size-large\"><img loading=\"lazy\" decoding=\"async\" width=\"1024\" height=\"682\" data-id=\"95035\" src=\"https:\/\/estado29.mx\/wp-content\/uploads\/2025\/04\/1000349639-1024x682.jpg\" alt=\"\" class=\"wp-image-95035\" srcset=\"https:\/\/estado29.mx\/wp-content\/uploads\/2025\/04\/1000349639-1024x682.jpg 1024w, https:\/\/estado29.mx\/wp-content\/uploads\/2025\/04\/1000349639-300x200.jpg 300w, https:\/\/estado29.mx\/wp-content\/uploads\/2025\/04\/1000349639-768x512.jpg 768w, https:\/\/estado29.mx\/wp-content\/uploads\/2025\/04\/1000349639-1536x1023.jpg 1536w, https:\/\/estado29.mx\/wp-content\/uploads\/2025\/04\/1000349639-750x500.jpg 750w, https:\/\/estado29.mx\/wp-content\/uploads\/2025\/04\/1000349639-1140x760.jpg 1140w, https:\/\/estado29.mx\/wp-content\/uploads\/2025\/04\/1000349639.jpg 1600w\" sizes=\"auto, (max-width: 1024px) 100vw, 1024px\" \/><\/figure>\n\n\n\n<figure class=\"wp-block-image size-large\"><img loading=\"lazy\" decoding=\"async\" width=\"1024\" height=\"682\" data-id=\"95036\" src=\"https:\/\/estado29.mx\/wp-content\/uploads\/2025\/04\/1000349638-1024x682.jpg\" alt=\"\" class=\"wp-image-95036\" srcset=\"https:\/\/estado29.mx\/wp-content\/uploads\/2025\/04\/1000349638-1024x682.jpg 1024w, https:\/\/estado29.mx\/wp-content\/uploads\/2025\/04\/1000349638-300x200.jpg 300w, https:\/\/estado29.mx\/wp-content\/uploads\/2025\/04\/1000349638-768x512.jpg 768w, https:\/\/estado29.mx\/wp-content\/uploads\/2025\/04\/1000349638-1536x1023.jpg 1536w, https:\/\/estado29.mx\/wp-content\/uploads\/2025\/04\/1000349638-750x500.jpg 750w, https:\/\/estado29.mx\/wp-content\/uploads\/2025\/04\/1000349638-1140x760.jpg 1140w, https:\/\/estado29.mx\/wp-content\/uploads\/2025\/04\/1000349638.jpg 1600w\" sizes=\"auto, (max-width: 1024px) 100vw, 1024px\" \/><\/figure>\n\n\n\n<figure class=\"wp-block-image size-large\"><img loading=\"lazy\" decoding=\"async\" width=\"1024\" height=\"682\" data-id=\"95037\" src=\"https:\/\/estado29.mx\/wp-content\/uploads\/2025\/04\/1000349641-1024x682.jpg\" alt=\"\" class=\"wp-image-95037\" srcset=\"https:\/\/estado29.mx\/wp-content\/uploads\/2025\/04\/1000349641-1024x682.jpg 1024w, https:\/\/estado29.mx\/wp-content\/uploads\/2025\/04\/1000349641-300x200.jpg 300w, https:\/\/estado29.mx\/wp-content\/uploads\/2025\/04\/1000349641-768x512.jpg 768w, https:\/\/estado29.mx\/wp-content\/uploads\/2025\/04\/1000349641-1536x1023.jpg 1536w, https:\/\/estado29.mx\/wp-content\/uploads\/2025\/04\/1000349641-750x500.jpg 750w, https:\/\/estado29.mx\/wp-content\/uploads\/2025\/04\/1000349641-1140x760.jpg 1140w, https:\/\/estado29.mx\/wp-content\/uploads\/2025\/04\/1000349641.jpg 1600w\" sizes=\"auto, (max-width: 1024px) 100vw, 1024px\" \/><\/figure>\n\n\n\n<figure class=\"wp-block-image size-large\"><img loading=\"lazy\" decoding=\"async\" width=\"1024\" height=\"682\" data-id=\"95038\" src=\"https:\/\/estado29.mx\/wp-content\/uploads\/2025\/04\/1000349644-1024x682.jpg\" alt=\"\" class=\"wp-image-95038\" srcset=\"https:\/\/estado29.mx\/wp-content\/uploads\/2025\/04\/1000349644-1024x682.jpg 1024w, https:\/\/estado29.mx\/wp-content\/uploads\/2025\/04\/1000349644-300x200.jpg 300w, https:\/\/estado29.mx\/wp-content\/uploads\/2025\/04\/1000349644-768x512.jpg 768w, https:\/\/estado29.mx\/wp-content\/uploads\/2025\/04\/1000349644-1536x1023.jpg 1536w, https:\/\/estado29.mx\/wp-content\/uploads\/2025\/04\/1000349644-750x500.jpg 750w, https:\/\/estado29.mx\/wp-content\/uploads\/2025\/04\/1000349644-1140x760.jpg 1140w, https:\/\/estado29.mx\/wp-content\/uploads\/2025\/04\/1000349644.jpg 1600w\" sizes=\"auto, (max-width: 1024px) 100vw, 1024px\" \/><\/figure>\n<\/figure>\n\n\n\n<p>Durante el evento autoridades entregaron tarjetas del programa Bienestar para tu Salud, que otorgan acceso a consultas m\u00e9dicas de primer nivel y medicamentos gratuitos; Bienestar para tu Nutrici\u00f3n, que incluyen despensas y boletos para comedor comunitario, pr\u00f3ximo a abrirse en Tizatl\u00e1n; as\u00ed como procesos de afiliaci\u00f3n a programas sociales federales, entre ellos las Pensiones para el Bienestar, Becas Benito Ju\u00e1rez, Pensi\u00f3n para Mujeres de 60 a 64 a\u00f1os y la Beca Rita Cetina para estudiantes de secundaria.<\/p>\n\n\n\n<p>\u201cMe da mucho gusto estar por segunda vez aqu\u00ed en Cuauhtelulpan. Estamos aqu\u00ed para atender sus necesidades y cumplir los compromisos que hicimos en campa\u00f1a\u201d, expres\u00f3 el alcalde durante su mensaje a las y los asistentes.<\/p>\n\n\n\n<p>Asimismo, se anunci\u00f3 la conformaci\u00f3n de un Comit\u00e9 de Bienestar integrado por vecinas y vecinos de la comunidad, que dar\u00e1 seguimiento a las necesidades locales y fortalecer\u00e1 acciones de seguridad, capacitaci\u00f3n y desarrollo comunitario.<\/p>\n\n\n\n<p>\u201cEl bienestar y la paz en el municipio solo son posibles si trabajamos juntos para que nadie se quede fuera del desarrollo. Estamos construyendo una historia de justicia social\u201d, puntualiz\u00f3 el edil.<br>Finalmente, en el marco de esta jornada, se firm\u00f3 un Convenio de Colaboraci\u00f3n con la Secretar\u00eda de Impulso Agropecuario del Gobierno del Estado, para brindar certeza jur\u00eddica a ganaderos e introductores de ganado.<\/p>\n\n\n\n<p>Este acuerdo permitir\u00e1 poner en marcha el registro de hatos ganaderos, el control fitosanitario y la implementaci\u00f3n del programa \u201cNegocio Confiable\u201d, que certificar\u00e1 la calidad y trazabilidad de la carne que se consume en la capital.<\/p>\n","protected":false},"excerpt":{"rendered":"<p>Por segunda ocasi\u00f3n, la comunidad de San Lucas Cuauhtelulpan recibi\u00f3 los beneficios de las Jornadas del Bienestar, una estrategia integral impulsada por el presidente municipal Alfonso S\u00e1nchez Garc\u00eda, que busca acercar servicios de salud, alimentaci\u00f3n, educaci\u00f3n y programas sociales a las comunidades m\u00e1s necesitadas. Durante el evento autoridades entregaron tarjetas del programa Bienestar para tu [&hellip;]<\/p>\n","protected":false},"author":4,"featured_media":95033,"comment_status":"open","ping_status":"open","sticky":false,"template":"","format":"standard","meta":{"om_disable_all_campaigns":false,"_monsterinsights_skip_tracking":false,"_monsterinsights_sitenote_active":false,"_monsterinsights_sitenote_note":"","_monsterinsights_sitenote_category":0,"jnews-multi-image_gallery":[],"jnews_single_post":{"format":"standard"},"jnews_primary_category":[],"footnotes":""},"categories":[1],"tags":[],"class_list":["post-95032","post","type-post","status-publish","format-standard","has-post-thumbnail","hentry","category-uncategorized"],"aioseo_notices":[],"_links":{"self":[{"href":"https:\/\/estado29.mx\/index.php?rest_route=\/wp\/v2\/posts\/95032","targetHints":{"allow":["GET"]}}],"collection":[{"href":"https:\/\/estado29.mx\/index.php?rest_route=\/wp\/v2\/posts"}],"about":[{"href":"https:\/\/estado29.mx\/index.php?rest_route=\/wp\/v2\/types\/post"}],"author":[{"embeddable":true,"href":"https:\/\/estado29.mx\/index.php?rest_route=\/wp\/v2\/users\/4"}],"replies":[{"embeddable":true,"href":"https:\/\/estado29.mx\/index.php?rest_route=%2Fwp%2Fv2%2Fcomments&post=95032"}],"version-history":[{"count":1,"href":"https:\/\/estado29.mx\/index.php?rest_route=\/wp\/v2\/posts\/95032\/revisions"}],"predecessor-version":[{"id":95039,"href":"https:\/\/estado29.mx\/index.php?rest_route=\/wp\/v2\/posts\/95032\/revisions\/95039"}],"wp:featuredmedia":[{"embeddable":true,"href":"https:\/\/estado29.mx\/index.php?rest_route=\/wp\/v2\/media\/95033"}],"wp:attachment":[{"href":"https:\/\/estado29.mx\/index.php?rest_route=%2Fwp%2Fv2%2Fmedia&parent=95032"}],"wp:term":[{"taxonomy":"category","embeddable":true,"href":"https:\/\/estado29.mx\/index.php?rest_route=%2Fwp%2Fv2%2Fcategories&post=95032"},{"taxonomy":"post_tag","embeddable":true,"href":"https:\/\/estado29.mx\/index.php?rest_route=%2Fwp%2Fv2%2Ftags&post=95032"}],"curies":[{"name":"wp","href":"https:\/\/api.w.org\/{rel}","templated":true}]}}