{"id":95040,"date":"2025-04-30T05:27:29","date_gmt":"2025-04-30T05:27:29","guid":{"rendered":"https:\/\/estado29.mx\/?p=95040"},"modified":"2025-04-30T05:27:29","modified_gmt":"2025-04-30T05:27:29","slug":"este-martes-inicia-jose-alfredo-tamayo-campana-rumbo-al-tribunal-de-disciplina-judicial-en-huamantla-este-martes","status":"publish","type":"post","link":"https:\/\/estado29.mx\/?p=95040","title":{"rendered":"Este martes inicia Jos\u00e9 Alfredo Tamayo campa\u00f1a rumbo al Tribunal de Disciplina Judicial en Huamantla este martes"},"content":{"rendered":"<figure class=\"wp-block-post-featured-image\"><img loading=\"lazy\" decoding=\"async\" width=\"1080\" height=\"786\" src=\"https:\/\/estado29.mx\/wp-content\/uploads\/2025\/04\/Screenshot_2025-04-29-23-27-12-67_99c04817c0de5652397fc8b56c3b3817.jpg\" class=\"attachment-post-thumbnail size-post-thumbnail wp-post-image\" alt=\"\" style=\"object-fit:cover;\" srcset=\"https:\/\/estado29.mx\/wp-content\/uploads\/2025\/04\/Screenshot_2025-04-29-23-27-12-67_99c04817c0de5652397fc8b56c3b3817.jpg 1080w, https:\/\/estado29.mx\/wp-content\/uploads\/2025\/04\/Screenshot_2025-04-29-23-27-12-67_99c04817c0de5652397fc8b56c3b3817-300x218.jpg 300w, https:\/\/estado29.mx\/wp-content\/uploads\/2025\/04\/Screenshot_2025-04-29-23-27-12-67_99c04817c0de5652397fc8b56c3b3817-1024x745.jpg 1024w, https:\/\/estado29.mx\/wp-content\/uploads\/2025\/04\/Screenshot_2025-04-29-23-27-12-67_99c04817c0de5652397fc8b56c3b3817-768x559.jpg 768w, https:\/\/estado29.mx\/wp-content\/uploads\/2025\/04\/Screenshot_2025-04-29-23-27-12-67_99c04817c0de5652397fc8b56c3b3817-120x86.jpg 120w, https:\/\/estado29.mx\/wp-content\/uploads\/2025\/04\/Screenshot_2025-04-29-23-27-12-67_99c04817c0de5652397fc8b56c3b3817-750x546.jpg 750w\" sizes=\"auto, (max-width: 1080px) 100vw, 1080px\" \/><\/figure>\n\n\n<p>Jos\u00e9 Alfredo Tamayo Escobar, abogado con 15 a\u00f1os de trayectoria, inici\u00f3 su campa\u00f1a como candidato al nuevo Tribunal de Disciplina Judicial, como parte del proceso electoral judicial que se llevar\u00e1 a cabo el pr\u00f3ximo 1 de junio.<\/p>\n\n\n\n<p>En su mensaje, Tamayo explic\u00f3 que esta es la primera vez que la ciudadan\u00eda podr\u00e1 elegir directamente a jueces y magistrados, y que uno de los nuevos \u00f3rganos a conformar es justamente este tribunal, que tendr\u00e1 la funci\u00f3n de vigilar y sancionar a los servidores p\u00fablicos del Poder Judicial que incurran en faltas.<\/p>\n\n\n\n<p>\u201cEstamos haciendo historia. Por primera vez podremos votar para decidir qui\u00e9nes van a vigilar a quienes imparten justicia. El Tribunal de Disciplina ser\u00e1 el encargado de aplicar sanciones cuando haya irregularidades en el actuar\u201d, afirm\u00f3.<\/p>\n\n\n\n<p>Tamayo asegur\u00f3 que uno de sus compromisos es agilizar los procedimientos administrativos y garantizar que las denuncias ciudadanas s\u00ed tengan un seguimiento real y transparente. <\/p>\n\n\n\n<p>Finalmente, hizo un llamado a la ciudadan\u00eda a participar en este proceso, informarse y votar el 1 de junio, destacando la importancia de elegir con conciencia a quienes tendr\u00e1n la responsabilidad de defender la legalidad desde dentro del sistema judicial.<\/p>\n","protected":false},"excerpt":{"rendered":"<p>Jos\u00e9 Alfredo Tamayo Escobar, abogado con 15 a\u00f1os de trayectoria, inici\u00f3 su campa\u00f1a como candidato al nuevo Tribunal de Disciplina Judicial, como parte del proceso electoral judicial que se llevar\u00e1 a cabo el pr\u00f3ximo 1 de junio. En su mensaje, Tamayo explic\u00f3 que esta es la primera vez que la ciudadan\u00eda podr\u00e1 elegir directamente a [&hellip;]<\/p>\n","protected":false},"author":9,"featured_media":95041,"comment_status":"open","ping_status":"open","sticky":false,"template":"","format":"standard","meta":{"om_disable_all_campaigns":false,"_monsterinsights_skip_tracking":false,"_monsterinsights_sitenote_active":false,"_monsterinsights_sitenote_note":"","_monsterinsights_sitenote_category":0,"jnews-multi-image_gallery":[],"jnews_single_post":{"format":"standard"},"jnews_primary_category":[],"footnotes":""},"categories":[1],"tags":[],"class_list":["post-95040","post","type-post","status-publish","format-standard","has-post-thumbnail","hentry","category-uncategorized"],"aioseo_notices":[],"_links":{"self":[{"href":"https:\/\/estado29.mx\/index.php?rest_route=\/wp\/v2\/posts\/95040","targetHints":{"allow":["GET"]}}],"collection":[{"href":"https:\/\/estado29.mx\/index.php?rest_route=\/wp\/v2\/posts"}],"about":[{"href":"https:\/\/estado29.mx\/index.php?rest_route=\/wp\/v2\/types\/post"}],"author":[{"embeddable":true,"href":"https:\/\/estado29.mx\/index.php?rest_route=\/wp\/v2\/users\/9"}],"replies":[{"embeddable":true,"href":"https:\/\/estado29.mx\/index.php?rest_route=%2Fwp%2Fv2%2Fcomments&post=95040"}],"version-history":[{"count":1,"href":"https:\/\/estado29.mx\/index.php?rest_route=\/wp\/v2\/posts\/95040\/revisions"}],"predecessor-version":[{"id":95042,"href":"https:\/\/estado29.mx\/index.php?rest_route=\/wp\/v2\/posts\/95040\/revisions\/95042"}],"wp:featuredmedia":[{"embeddable":true,"href":"https:\/\/estado29.mx\/index.php?rest_route=\/wp\/v2\/media\/95041"}],"wp:attachment":[{"href":"https:\/\/estado29.mx\/index.php?rest_route=%2Fwp%2Fv2%2Fmedia&parent=95040"}],"wp:term":[{"taxonomy":"category","embeddable":true,"href":"https:\/\/estado29.mx\/index.php?rest_route=%2Fwp%2Fv2%2Fcategories&post=95040"},{"taxonomy":"post_tag","embeddable":true,"href":"https:\/\/estado29.mx\/index.php?rest_route=%2Fwp%2Fv2%2Ftags&post=95040"}],"curies":[{"name":"wp","href":"https:\/\/api.w.org\/{rel}","templated":true}]}}