{"id":95051,"date":"2025-04-30T18:11:17","date_gmt":"2025-04-30T18:11:17","guid":{"rendered":"https:\/\/estado29.mx\/?p=95051"},"modified":"2025-04-30T18:11:18","modified_gmt":"2025-04-30T18:11:18","slug":"policia-municipal-de-huamantla-fortalece-su-preparacion-tactica-con-curso-de-operaciones-especiales","status":"publish","type":"post","link":"https:\/\/estado29.mx\/?p=95051","title":{"rendered":"Polic\u00eda Municipal de Huamantla fortalece su preparaci\u00f3n t\u00e1ctica con curso de operaciones especiales."},"content":{"rendered":"<figure class=\"wp-block-post-featured-image\"><img loading=\"lazy\" decoding=\"async\" width=\"1280\" height=\"853\" src=\"https:\/\/estado29.mx\/wp-content\/uploads\/2025\/04\/WhatsApp-Image-2025-04-29-at-5.08.30-PM.jpeg\" class=\"attachment-post-thumbnail size-post-thumbnail wp-post-image\" alt=\"\" style=\"object-fit:cover;\" srcset=\"https:\/\/estado29.mx\/wp-content\/uploads\/2025\/04\/WhatsApp-Image-2025-04-29-at-5.08.30-PM.jpeg 1280w, https:\/\/estado29.mx\/wp-content\/uploads\/2025\/04\/WhatsApp-Image-2025-04-29-at-5.08.30-PM-300x200.jpeg 300w, https:\/\/estado29.mx\/wp-content\/uploads\/2025\/04\/WhatsApp-Image-2025-04-29-at-5.08.30-PM-1024x682.jpeg 1024w, https:\/\/estado29.mx\/wp-content\/uploads\/2025\/04\/WhatsApp-Image-2025-04-29-at-5.08.30-PM-768x512.jpeg 768w, https:\/\/estado29.mx\/wp-content\/uploads\/2025\/04\/WhatsApp-Image-2025-04-29-at-5.08.30-PM-750x500.jpeg 750w, https:\/\/estado29.mx\/wp-content\/uploads\/2025\/04\/WhatsApp-Image-2025-04-29-at-5.08.30-PM-1140x760.jpeg 1140w\" sizes=\"auto, (max-width: 1280px) 100vw, 1280px\" \/><\/figure>\n\n\n<p>Con el objetivo de reforzar las capacidades t\u00e1cticas y operativas de los elementos de seguridad, integrantes de la Polic\u00eda Municipal de Huamantla participaron en un curso proped\u00e9utico de Operaciones Especiales, enfocado en t\u00e9cnicas f\u00edsicas y de maniobra que permiten un mejor desempe\u00f1o en situaciones de alto riesgo.<\/p>\n\n\n\n<p>El entrenamiento inici\u00f3 desde temprana hora con ejercicios de acondicionamiento f\u00edsico dirigidos al fortalecimiento de piernas y brazos. Durante la jornada, los elementos realizaron recorridos de resistencia, cargaron bidones de madera y practicaron trote en circuito, como parte del desarrollo integral de su condici\u00f3n f\u00edsica.<\/p>\n\n\n\n<p>Adem\u00e1s, se llevaron a cabo pr\u00e1cticas de caminata t\u00e1ctica y t\u00e9cnicas de referencia con arma larga, donde se corrigieron posturas y se reforz\u00f3 el correcto manejo del armamento, con lo que se prioriza la seguridad y la precisi\u00f3n en la intervenci\u00f3n operativa.<\/p>\n\n\n\n<p>Estas acciones forman parte de la estrategia del Gobierno Municipal de Huamantla, que encabeza el Presidente Salvador Santos Cedillo, para contar con una polic\u00eda mejor preparada, profesional y cercana a la ciudadan\u00eda, lo cual busca garantizar una atenci\u00f3n m\u00e1s eficiente y oportuna en materia de seguridad p\u00fablica.<\/p>\n","protected":false},"excerpt":{"rendered":"<p>Con el objetivo de reforzar las capacidades t\u00e1cticas y operativas de los elementos de seguridad, integrantes de la Polic\u00eda Municipal de Huamantla participaron en un curso proped\u00e9utico de Operaciones Especiales, enfocado en t\u00e9cnicas f\u00edsicas y de maniobra que permiten un mejor desempe\u00f1o en situaciones de alto riesgo. El entrenamiento inici\u00f3 desde temprana hora con ejercicios [&hellip;]<\/p>\n","protected":false},"author":9,"featured_media":95052,"comment_status":"open","ping_status":"open","sticky":false,"template":"","format":"standard","meta":{"om_disable_all_campaigns":false,"_monsterinsights_skip_tracking":false,"_monsterinsights_sitenote_active":false,"_monsterinsights_sitenote_note":"","_monsterinsights_sitenote_category":0,"jnews-multi-image_gallery":[],"jnews_single_post":{"format":"standard"},"jnews_primary_category":[],"footnotes":""},"categories":[1],"tags":[],"class_list":["post-95051","post","type-post","status-publish","format-standard","has-post-thumbnail","hentry","category-uncategorized"],"aioseo_notices":[],"_links":{"self":[{"href":"https:\/\/estado29.mx\/index.php?rest_route=\/wp\/v2\/posts\/95051","targetHints":{"allow":["GET"]}}],"collection":[{"href":"https:\/\/estado29.mx\/index.php?rest_route=\/wp\/v2\/posts"}],"about":[{"href":"https:\/\/estado29.mx\/index.php?rest_route=\/wp\/v2\/types\/post"}],"author":[{"embeddable":true,"href":"https:\/\/estado29.mx\/index.php?rest_route=\/wp\/v2\/users\/9"}],"replies":[{"embeddable":true,"href":"https:\/\/estado29.mx\/index.php?rest_route=%2Fwp%2Fv2%2Fcomments&post=95051"}],"version-history":[{"count":1,"href":"https:\/\/estado29.mx\/index.php?rest_route=\/wp\/v2\/posts\/95051\/revisions"}],"predecessor-version":[{"id":95053,"href":"https:\/\/estado29.mx\/index.php?rest_route=\/wp\/v2\/posts\/95051\/revisions\/95053"}],"wp:featuredmedia":[{"embeddable":true,"href":"https:\/\/estado29.mx\/index.php?rest_route=\/wp\/v2\/media\/95052"}],"wp:attachment":[{"href":"https:\/\/estado29.mx\/index.php?rest_route=%2Fwp%2Fv2%2Fmedia&parent=95051"}],"wp:term":[{"taxonomy":"category","embeddable":true,"href":"https:\/\/estado29.mx\/index.php?rest_route=%2Fwp%2Fv2%2Fcategories&post=95051"},{"taxonomy":"post_tag","embeddable":true,"href":"https:\/\/estado29.mx\/index.php?rest_route=%2Fwp%2Fv2%2Ftags&post=95051"}],"curies":[{"name":"wp","href":"https:\/\/api.w.org\/{rel}","templated":true}]}}