{"id":95066,"date":"2025-04-30T23:48:54","date_gmt":"2025-04-30T23:48:54","guid":{"rendered":"https:\/\/estado29.mx\/?p=95066"},"modified":"2025-04-30T23:48:54","modified_gmt":"2025-04-30T23:48:54","slug":"estudiantes-de-gerontologia-social-uatx-refuerzan-conocimiento-y-practica-en-festival-del-adulto-mayor","status":"publish","type":"post","link":"https:\/\/estado29.mx\/?p=95066","title":{"rendered":"Estudiantes de Gerontolog\u00eda Social UATx refuerzan conocimiento y pr\u00e1ctica en Festival del Adulto Mayor"},"content":{"rendered":"<figure class=\"wp-block-post-featured-image\"><img loading=\"lazy\" decoding=\"async\" width=\"1280\" height=\"861\" src=\"https:\/\/estado29.mx\/wp-content\/uploads\/2025\/04\/WhatsApp-Image-2025-04-30-at-4.21.34-PM.jpeg\" class=\"attachment-post-thumbnail size-post-thumbnail wp-post-image\" alt=\"\" style=\"object-fit:cover;\" srcset=\"https:\/\/estado29.mx\/wp-content\/uploads\/2025\/04\/WhatsApp-Image-2025-04-30-at-4.21.34-PM.jpeg 1280w, https:\/\/estado29.mx\/wp-content\/uploads\/2025\/04\/WhatsApp-Image-2025-04-30-at-4.21.34-PM-300x202.jpeg 300w, https:\/\/estado29.mx\/wp-content\/uploads\/2025\/04\/WhatsApp-Image-2025-04-30-at-4.21.34-PM-1024x689.jpeg 1024w, https:\/\/estado29.mx\/wp-content\/uploads\/2025\/04\/WhatsApp-Image-2025-04-30-at-4.21.34-PM-768x517.jpeg 768w, https:\/\/estado29.mx\/wp-content\/uploads\/2025\/04\/WhatsApp-Image-2025-04-30-at-4.21.34-PM-750x504.jpeg 750w, https:\/\/estado29.mx\/wp-content\/uploads\/2025\/04\/WhatsApp-Image-2025-04-30-at-4.21.34-PM-1140x767.jpeg 1140w\" sizes=\"auto, (max-width: 1280px) 100vw, 1280px\" \/><\/figure>\n\n\n<p>Estudiantes de la Licenciatura en Gerontolog\u00eda Social de la Universidad Aut\u00f3noma de Tlaxcala (UATx) participaron en el \ud835\udfcf\ud835\udfd1\u00b0 \ud835\udc05\ud835\udc1e\ud835\udc2c\ud835\udc2d\ud835\udc22\ud835\udc2f\ud835\udc1a\ud835\udc25 \ud835\udc1d\ud835\udc1e\ud835\udc25 \ud835\udc00\ud835\udc1d\ud835\udc2e\ud835\udc25\ud835\udc2d\ud835\udc28 \ud835\udc0c\ud835\udc1a\ud835\udc32\ud835\udc28\ud835\udc2b \u201cBienestar y diversi\u00f3n\u201d que tuvo lugar en la Ciudad de M\u00e9xico y fue auspiciado por la empresa Telcel.<\/p>\n\n\n\n<p>Dicho festival es un espacio \u00fanico dedicado a promover el bienestar integral de las personas mayores a trav\u00e9s de foros, actividades formativas, preventivas y recreativas. Adem\u00e1s, fomenta el di\u00e1logo intergeneracional y el intercambio de experiencias entre profesionales, estudiantes y quienes han forjado generaciones.<\/p>\n\n\n\n<p>Durante su estancia, los estudiantes de la Facultad de Ciencias para el Desarrollo Humano de la UATx&nbsp; vivieron una experiencia enriquecedora, al recorrer los distintos stands, compartir con personas adultas mayores y reafirmar su compromiso con un envejecimiento activo, digno y con sentido humano.<\/p>\n\n\n\n<p>Esta jornada, celebrada del 25 al 27 de abril, fortaleci\u00f3 su vocaci\u00f3n de servicio y su visi\u00f3n profesional orientada a la inclusi\u00f3n y el respeto por las trayectorias de vida, considerando que la Licenciatura en Gerontolog\u00eda Social considera tres premisas elementales: el envejecimiento activo y saludable, el desarrollo de capacidades y en la educaci\u00f3n del cuidado para toda la vida.<\/p>\n","protected":false},"excerpt":{"rendered":"<p>Estudiantes de la Licenciatura en Gerontolog\u00eda Social de la Universidad Aut\u00f3noma de Tlaxcala (UATx) participaron en el \ud835\udfcf\ud835\udfd1\u00b0 \ud835\udc05\ud835\udc1e\ud835\udc2c\ud835\udc2d\ud835\udc22\ud835\udc2f\ud835\udc1a\ud835\udc25 \ud835\udc1d\ud835\udc1e\ud835\udc25 \ud835\udc00\ud835\udc1d\ud835\udc2e\ud835\udc25\ud835\udc2d\ud835\udc28 \ud835\udc0c\ud835\udc1a\ud835\udc32\ud835\udc28\ud835\udc2b \u201cBienestar y diversi\u00f3n\u201d que tuvo lugar en la Ciudad de M\u00e9xico y fue auspiciado por la empresa Telcel. Dicho festival es un espacio \u00fanico dedicado a promover el bienestar integral de las personas [&hellip;]<\/p>\n","protected":false},"author":9,"featured_media":95067,"comment_status":"open","ping_status":"open","sticky":false,"template":"","format":"standard","meta":{"om_disable_all_campaigns":false,"_monsterinsights_skip_tracking":false,"_monsterinsights_sitenote_active":false,"_monsterinsights_sitenote_note":"","_monsterinsights_sitenote_category":0,"jnews-multi-image_gallery":[],"jnews_single_post":{"format":"standard"},"jnews_primary_category":[],"footnotes":""},"categories":[1],"tags":[],"class_list":["post-95066","post","type-post","status-publish","format-standard","has-post-thumbnail","hentry","category-uncategorized"],"aioseo_notices":[],"_links":{"self":[{"href":"https:\/\/estado29.mx\/index.php?rest_route=\/wp\/v2\/posts\/95066","targetHints":{"allow":["GET"]}}],"collection":[{"href":"https:\/\/estado29.mx\/index.php?rest_route=\/wp\/v2\/posts"}],"about":[{"href":"https:\/\/estado29.mx\/index.php?rest_route=\/wp\/v2\/types\/post"}],"author":[{"embeddable":true,"href":"https:\/\/estado29.mx\/index.php?rest_route=\/wp\/v2\/users\/9"}],"replies":[{"embeddable":true,"href":"https:\/\/estado29.mx\/index.php?rest_route=%2Fwp%2Fv2%2Fcomments&post=95066"}],"version-history":[{"count":1,"href":"https:\/\/estado29.mx\/index.php?rest_route=\/wp\/v2\/posts\/95066\/revisions"}],"predecessor-version":[{"id":95068,"href":"https:\/\/estado29.mx\/index.php?rest_route=\/wp\/v2\/posts\/95066\/revisions\/95068"}],"wp:featuredmedia":[{"embeddable":true,"href":"https:\/\/estado29.mx\/index.php?rest_route=\/wp\/v2\/media\/95067"}],"wp:attachment":[{"href":"https:\/\/estado29.mx\/index.php?rest_route=%2Fwp%2Fv2%2Fmedia&parent=95066"}],"wp:term":[{"taxonomy":"category","embeddable":true,"href":"https:\/\/estado29.mx\/index.php?rest_route=%2Fwp%2Fv2%2Fcategories&post=95066"},{"taxonomy":"post_tag","embeddable":true,"href":"https:\/\/estado29.mx\/index.php?rest_route=%2Fwp%2Fv2%2Ftags&post=95066"}],"curies":[{"name":"wp","href":"https:\/\/api.w.org\/{rel}","templated":true}]}}