{"id":95076,"date":"2025-05-01T01:15:17","date_gmt":"2025-05-01T01:15:17","guid":{"rendered":"https:\/\/estado29.mx\/?p=95076"},"modified":"2025-05-01T01:15:18","modified_gmt":"2025-05-01T01:15:18","slug":"celebran-a-las-ninas-y-ninos-en-san-sebastian-huamantla","status":"publish","type":"post","link":"https:\/\/estado29.mx\/?p=95076","title":{"rendered":"Celebran a las ni\u00f1as y ni\u00f1os en San Sebasti\u00e1n Huamantla."},"content":{"rendered":"\n<p>Esta tarde el Presidente de la comunidad de San Sebasti\u00e1n en Huamantla, Omar Aburto, realiz\u00f3 el festejo del D\u00eda de la Ni\u00f1a y el Ni\u00f1o.&nbsp;<\/p>\n\n\n\n<p>Concursos, regalos, helados y otras actividades fueron de las sorpresas que las ni\u00f1as y ni\u00f1os del barrio pudieron disfrutar en este d\u00eda tan especial.&nbsp;<\/p>\n\n\n\n<p>El Presidente agradeci\u00f3 a los pap\u00e1s por participar en este evento que busca incentivar la uni\u00f3n familiar.<\/p>\n\n\n\n<p>\u201cEs un festejo hecho de todo coraz\u00f3n, agradecemos las autoridades quienes nos ayudan hacer posible este evento y tambi\u00e9n invitamos a las mam\u00e1s de nuestra comunidad a registrarse para el pr\u00f3ximo evento del 10 de mayo\u201d se\u00f1al\u00f3 Omar Aburto.&nbsp;<\/p>\n","protected":false},"excerpt":{"rendered":"<p>Esta tarde el Presidente de la comunidad de San Sebasti\u00e1n en Huamantla, Omar Aburto, realiz\u00f3 el festejo del D\u00eda de la Ni\u00f1a y el Ni\u00f1o.&nbsp; Concursos, regalos, helados y otras actividades fueron de las sorpresas que las ni\u00f1as y ni\u00f1os del barrio pudieron disfrutar en este d\u00eda tan especial.&nbsp; El Presidente agradeci\u00f3 a los pap\u00e1s [&hellip;]<\/p>\n","protected":false},"author":5,"featured_media":95077,"comment_status":"open","ping_status":"open","sticky":false,"template":"","format":"standard","meta":{"om_disable_all_campaigns":false,"_monsterinsights_skip_tracking":false,"_monsterinsights_sitenote_active":false,"_monsterinsights_sitenote_note":"","_monsterinsights_sitenote_category":0,"jnews-multi-image_gallery":[],"jnews_single_post":{"format":"standard"},"jnews_primary_category":[],"footnotes":""},"categories":[1],"tags":[],"class_list":["post-95076","post","type-post","status-publish","format-standard","has-post-thumbnail","hentry","category-uncategorized"],"aioseo_notices":[],"_links":{"self":[{"href":"https:\/\/estado29.mx\/index.php?rest_route=\/wp\/v2\/posts\/95076","targetHints":{"allow":["GET"]}}],"collection":[{"href":"https:\/\/estado29.mx\/index.php?rest_route=\/wp\/v2\/posts"}],"about":[{"href":"https:\/\/estado29.mx\/index.php?rest_route=\/wp\/v2\/types\/post"}],"author":[{"embeddable":true,"href":"https:\/\/estado29.mx\/index.php?rest_route=\/wp\/v2\/users\/5"}],"replies":[{"embeddable":true,"href":"https:\/\/estado29.mx\/index.php?rest_route=%2Fwp%2Fv2%2Fcomments&post=95076"}],"version-history":[{"count":1,"href":"https:\/\/estado29.mx\/index.php?rest_route=\/wp\/v2\/posts\/95076\/revisions"}],"predecessor-version":[{"id":95078,"href":"https:\/\/estado29.mx\/index.php?rest_route=\/wp\/v2\/posts\/95076\/revisions\/95078"}],"wp:featuredmedia":[{"embeddable":true,"href":"https:\/\/estado29.mx\/index.php?rest_route=\/wp\/v2\/media\/95077"}],"wp:attachment":[{"href":"https:\/\/estado29.mx\/index.php?rest_route=%2Fwp%2Fv2%2Fmedia&parent=95076"}],"wp:term":[{"taxonomy":"category","embeddable":true,"href":"https:\/\/estado29.mx\/index.php?rest_route=%2Fwp%2Fv2%2Fcategories&post=95076"},{"taxonomy":"post_tag","embeddable":true,"href":"https:\/\/estado29.mx\/index.php?rest_route=%2Fwp%2Fv2%2Ftags&post=95076"}],"curies":[{"name":"wp","href":"https:\/\/api.w.org\/{rel}","templated":true}]}}