{"id":95097,"date":"2025-05-01T22:19:31","date_gmt":"2025-05-01T22:19:31","guid":{"rendered":"https:\/\/estado29.mx\/?p=95097"},"modified":"2025-05-01T22:19:31","modified_gmt":"2025-05-01T22:19:31","slug":"huamantla-proyecta-con-fuerza-su-identidad-y-potencial-turistico-en-el-tianguis-binacional-san-diego-tijuana-2025","status":"publish","type":"post","link":"https:\/\/estado29.mx\/?p=95097","title":{"rendered":"Huamantla proyecta con fuerza su identidad y potencial tur\u00edstico en el Tianguis Binacional San Diego \u2013 Tijuana 2025"},"content":{"rendered":"<figure class=\"wp-block-post-featured-image\"><img loading=\"lazy\" decoding=\"async\" width=\"1280\" height=\"853\" src=\"https:\/\/estado29.mx\/wp-content\/uploads\/2025\/05\/TIANGUIS-TUR-2DO-5.jpeg\" class=\"attachment-post-thumbnail size-post-thumbnail wp-post-image\" alt=\"\" style=\"object-fit:cover;\" srcset=\"https:\/\/estado29.mx\/wp-content\/uploads\/2025\/05\/TIANGUIS-TUR-2DO-5.jpeg 1280w, https:\/\/estado29.mx\/wp-content\/uploads\/2025\/05\/TIANGUIS-TUR-2DO-5-300x200.jpeg 300w, https:\/\/estado29.mx\/wp-content\/uploads\/2025\/05\/TIANGUIS-TUR-2DO-5-1024x682.jpeg 1024w, https:\/\/estado29.mx\/wp-content\/uploads\/2025\/05\/TIANGUIS-TUR-2DO-5-768x512.jpeg 768w, https:\/\/estado29.mx\/wp-content\/uploads\/2025\/05\/TIANGUIS-TUR-2DO-5-750x500.jpeg 750w, https:\/\/estado29.mx\/wp-content\/uploads\/2025\/05\/TIANGUIS-TUR-2DO-5-1140x760.jpeg 1140w\" sizes=\"auto, (max-width: 1280px) 100vw, 1280px\" \/><\/figure>\n\n\n<p>A fin de proyectar su identidad y potencial tur\u00edstico, Huamantla participa en el Tianguis Tur\u00edstico Binacional San Diego \u2013 Tijuana 2025, con lo que reafirma su presencia como un destino con historia, cultura viva y gran proyecci\u00f3n nacional e internacional.<\/p>\n\n\n\n<p>Durante esta jornada, se sostuvo una agenda intensa y productiva. Huamantla fue protagonista en entrevistas con medios de comunicaci\u00f3n nacionales e internacionales, donde se difundieron sus principales tradiciones: la Huamantlada, la Noche que Nadie Duerme, las alfombras de aserr\u00edn, la tradici\u00f3n titiritera y su riqueza artesanal. Se mostr\u00f3 al pa\u00eds y al mundo el por qu\u00e9 Huamantla es un lugar que se vive todo el a\u00f1o.<\/p>\n\n\n\n<p>El d\u00eda estuvo marcado por la formalizaci\u00f3n de alianzas estrat\u00e9gicas con agencias de viajes, prestadores de servicios tur\u00edsticos, medios especializados y plataformas de contenido, con el objetivo de abrir nuevos canales de promoci\u00f3n y consolidar el destino en el mapa tur\u00edstico de M\u00e9xico.<\/p>\n\n\n\n<p>Uno de los logros m\u00e1s relevantes fue el acercamiento con TURISSSTE, instancia con la que se establecieron las bases para integrar a Huamantla en sus rutas institucionales de turismo social, lo que representa una importante oportunidad de derrama econ\u00f3mica directa para el municipio.<\/p>\n\n\n\n<p>Asimismo, se inici\u00f3 di\u00e1logo con los organizadores del certamen Miss Turismo M\u00e9xico, con la intenci\u00f3n de postular a Huamantla como sede. Esta posibilidad traer\u00eda consigo exposici\u00f3n medi\u00e1tica, promoci\u00f3n cultural y generaci\u00f3n de eventos que impulsen el comercio, los servicios y el orgullo local.<\/p>\n\n\n\n<p>Huamantla tambi\u00e9n fue presentado ante promotores tur\u00edsticos internacionales de pa\u00edses como Corea del Sur y Estados Unidos, lo cual abre camino a la exploraci\u00f3n de nuevos mercados y visitantes interesados en la autenticidad y riqueza cultural del municipio.<\/p>\n\n\n\n<p>Bajo la conducci\u00f3n de la Direcci\u00f3n de Turismo, Cultura y Desarrollo Taurino, encabezada por Marco Antonio Galindo Vallejo, y con el acompa\u00f1amiento de la Coordinadora de Turismo, Mar\u00eda Celeste Caballero Mart\u00ednez, y la Regidora Alina Covarrubias D\u00edaz, se trabaj\u00f3 con visi\u00f3n y coordinaci\u00f3n institucional para generar alianzas, posicionar la marca tur\u00edstica de Huamantla y fortalecer la actividad econ\u00f3mica a trav\u00e9s del turismo.<\/p>\n\n\n\n<p>Estas acciones forman parte de la ruta de trabajo que el Ayuntamiento ha trazado para cumplir la visi\u00f3n del presidente Juan Salvador Santos Cedillo, quien en el Plan Municipal de Desarrollo 2024\u20132027 ha establecido el turismo como un eje clave para impulsar la econom\u00eda local, el arraigo cultural y la proyecci\u00f3n del municipio m\u00e1s all\u00e1 de sus fronteras.<\/p>\n\n\n\n<p>La representaci\u00f3n de Huamantla en este foro binacional no s\u00f3lo responde a una agenda institucional, sino tambi\u00e9n al compromiso con las y los huamantlecos por llevar nuestras tradiciones, talento y hospitalidad a todos los rincones.<\/p>\n","protected":false},"excerpt":{"rendered":"<p>A fin de proyectar su identidad y potencial tur\u00edstico, Huamantla participa en el Tianguis Tur\u00edstico Binacional San Diego \u2013 Tijuana 2025, con lo que reafirma su presencia como un destino con historia, cultura viva y gran proyecci\u00f3n nacional e internacional. Durante esta jornada, se sostuvo una agenda intensa y productiva. Huamantla fue protagonista en entrevistas [&hellip;]<\/p>\n","protected":false},"author":9,"featured_media":95098,"comment_status":"open","ping_status":"open","sticky":false,"template":"","format":"standard","meta":{"om_disable_all_campaigns":false,"_monsterinsights_skip_tracking":false,"_monsterinsights_sitenote_active":false,"_monsterinsights_sitenote_note":"","_monsterinsights_sitenote_category":0,"jnews-multi-image_gallery":[],"jnews_single_post":{"format":"standard"},"jnews_primary_category":[],"footnotes":""},"categories":[1],"tags":[],"class_list":["post-95097","post","type-post","status-publish","format-standard","has-post-thumbnail","hentry","category-uncategorized"],"aioseo_notices":[],"_links":{"self":[{"href":"https:\/\/estado29.mx\/index.php?rest_route=\/wp\/v2\/posts\/95097","targetHints":{"allow":["GET"]}}],"collection":[{"href":"https:\/\/estado29.mx\/index.php?rest_route=\/wp\/v2\/posts"}],"about":[{"href":"https:\/\/estado29.mx\/index.php?rest_route=\/wp\/v2\/types\/post"}],"author":[{"embeddable":true,"href":"https:\/\/estado29.mx\/index.php?rest_route=\/wp\/v2\/users\/9"}],"replies":[{"embeddable":true,"href":"https:\/\/estado29.mx\/index.php?rest_route=%2Fwp%2Fv2%2Fcomments&post=95097"}],"version-history":[{"count":1,"href":"https:\/\/estado29.mx\/index.php?rest_route=\/wp\/v2\/posts\/95097\/revisions"}],"predecessor-version":[{"id":95099,"href":"https:\/\/estado29.mx\/index.php?rest_route=\/wp\/v2\/posts\/95097\/revisions\/95099"}],"wp:featuredmedia":[{"embeddable":true,"href":"https:\/\/estado29.mx\/index.php?rest_route=\/wp\/v2\/media\/95098"}],"wp:attachment":[{"href":"https:\/\/estado29.mx\/index.php?rest_route=%2Fwp%2Fv2%2Fmedia&parent=95097"}],"wp:term":[{"taxonomy":"category","embeddable":true,"href":"https:\/\/estado29.mx\/index.php?rest_route=%2Fwp%2Fv2%2Fcategories&post=95097"},{"taxonomy":"post_tag","embeddable":true,"href":"https:\/\/estado29.mx\/index.php?rest_route=%2Fwp%2Fv2%2Ftags&post=95097"}],"curies":[{"name":"wp","href":"https:\/\/api.w.org\/{rel}","templated":true}]}}