{"id":95104,"date":"2025-05-02T05:14:00","date_gmt":"2025-05-02T05:14:00","guid":{"rendered":"https:\/\/estado29.mx\/?p=95104"},"modified":"2025-05-02T05:14:01","modified_gmt":"2025-05-02T05:14:01","slug":"ahora-en-tequexquitla-patrulla-falsa-asalta-a-transportista","status":"publish","type":"post","link":"https:\/\/estado29.mx\/?p=95104","title":{"rendered":"Ahora en Tequexquitla, patrulla falsa asalta a transportista."},"content":{"rendered":"\n<p>Paco Ugarte.<\/p>\n\n\n\n<p>Durante la tarde de este jueves, el conductor de una unidad Freightliner Century color amarillo con placas de circulaci\u00f3n 137AG1, fue v\u00edctima de la ola de inseguridad que azota a la entidad.<\/p>\n\n\n\n<p>A decir del propio afectado quien se identific\u00f3 como Juan N., cuando transitaba sobre la carretera M\u00e9xico &#8211; Veracruz, a la altura del municipio de Tequexquitla, una camioneta color blanco con estrobos marca el alto, de la misma descienden 6 individuos los cuales amagan al chofer con un arma larga.<\/p>\n\n\n\n<p>En ese momento huyen sobre la misma carretera dej\u00e1ndolo abandonado en Alchichica, Puebla, por lo que fue en ese momento que solicit\u00f3 el apoyo.<\/p>\n\n\n\n<p>La unidad transportaba un remolque tamic g\u00f3ndola color blanco con placas de circulaci\u00f3n 29UH7B, solicitando a quien logre ver ambas unidades reportarla con las autoridades.<\/p>\n\n\n\n<p>Cabe recalcar que en las ultimas semanas, el aumento de hechos delictivos con patrullas falsas ha sido constante por lo que transportistas han solicitado el apoyo de las autoridades para frenar esta situaci\u00f3n.<\/p>\n\n\n\n<p>\ud83d\udcf8 Fotograf\u00eda ilustrativa.<\/p>\n","protected":false},"excerpt":{"rendered":"<p>Paco Ugarte. Durante la tarde de este jueves, el conductor de una unidad Freightliner Century color amarillo con placas de circulaci\u00f3n 137AG1, fue v\u00edctima de la ola de inseguridad que azota a la entidad. A decir del propio afectado quien se identific\u00f3 como Juan N., cuando transitaba sobre la carretera M\u00e9xico &#8211; Veracruz, a la [&hellip;]<\/p>\n","protected":false},"author":5,"featured_media":95105,"comment_status":"open","ping_status":"open","sticky":false,"template":"","format":"standard","meta":{"om_disable_all_campaigns":false,"_monsterinsights_skip_tracking":false,"_monsterinsights_sitenote_active":false,"_monsterinsights_sitenote_note":"","_monsterinsights_sitenote_category":0,"jnews-multi-image_gallery":[],"jnews_single_post":{"format":"standard"},"jnews_primary_category":[],"footnotes":""},"categories":[1],"tags":[],"class_list":["post-95104","post","type-post","status-publish","format-standard","has-post-thumbnail","hentry","category-uncategorized"],"aioseo_notices":[],"_links":{"self":[{"href":"https:\/\/estado29.mx\/index.php?rest_route=\/wp\/v2\/posts\/95104","targetHints":{"allow":["GET"]}}],"collection":[{"href":"https:\/\/estado29.mx\/index.php?rest_route=\/wp\/v2\/posts"}],"about":[{"href":"https:\/\/estado29.mx\/index.php?rest_route=\/wp\/v2\/types\/post"}],"author":[{"embeddable":true,"href":"https:\/\/estado29.mx\/index.php?rest_route=\/wp\/v2\/users\/5"}],"replies":[{"embeddable":true,"href":"https:\/\/estado29.mx\/index.php?rest_route=%2Fwp%2Fv2%2Fcomments&post=95104"}],"version-history":[{"count":1,"href":"https:\/\/estado29.mx\/index.php?rest_route=\/wp\/v2\/posts\/95104\/revisions"}],"predecessor-version":[{"id":95106,"href":"https:\/\/estado29.mx\/index.php?rest_route=\/wp\/v2\/posts\/95104\/revisions\/95106"}],"wp:featuredmedia":[{"embeddable":true,"href":"https:\/\/estado29.mx\/index.php?rest_route=\/wp\/v2\/media\/95105"}],"wp:attachment":[{"href":"https:\/\/estado29.mx\/index.php?rest_route=%2Fwp%2Fv2%2Fmedia&parent=95104"}],"wp:term":[{"taxonomy":"category","embeddable":true,"href":"https:\/\/estado29.mx\/index.php?rest_route=%2Fwp%2Fv2%2Fcategories&post=95104"},{"taxonomy":"post_tag","embeddable":true,"href":"https:\/\/estado29.mx\/index.php?rest_route=%2Fwp%2Fv2%2Ftags&post=95104"}],"curies":[{"name":"wp","href":"https:\/\/api.w.org\/{rel}","templated":true}]}}