{"id":95126,"date":"2025-05-02T23:42:00","date_gmt":"2025-05-02T23:42:00","guid":{"rendered":"https:\/\/estado29.mx\/?p=95126"},"modified":"2025-05-02T23:42:01","modified_gmt":"2025-05-02T23:42:01","slug":"gobierno-de-huamantla-lleva-a-cabo-mesas-de-trabajo-con-presidentes-de-comunidad-para-mejorar-la-atencion-a-la-poblacion","status":"publish","type":"post","link":"https:\/\/estado29.mx\/?p=95126","title":{"rendered":"Gobierno de Huamantla lleva a cabo mesas de trabajo con presidentes de comunidad para mejorar la atenci\u00f3n a la poblaci\u00f3n"},"content":{"rendered":"<figure class=\"wp-block-post-featured-image\"><img loading=\"lazy\" decoding=\"async\" width=\"1280\" height=\"854\" src=\"https:\/\/estado29.mx\/wp-content\/uploads\/2025\/05\/WhatsApp-Image-2025-05-02-at-2.29.03-PM.jpeg\" class=\"attachment-post-thumbnail size-post-thumbnail wp-post-image\" alt=\"\" style=\"object-fit:cover;\" srcset=\"https:\/\/estado29.mx\/wp-content\/uploads\/2025\/05\/WhatsApp-Image-2025-05-02-at-2.29.03-PM.jpeg 1280w, https:\/\/estado29.mx\/wp-content\/uploads\/2025\/05\/WhatsApp-Image-2025-05-02-at-2.29.03-PM-300x200.jpeg 300w, https:\/\/estado29.mx\/wp-content\/uploads\/2025\/05\/WhatsApp-Image-2025-05-02-at-2.29.03-PM-1024x683.jpeg 1024w, https:\/\/estado29.mx\/wp-content\/uploads\/2025\/05\/WhatsApp-Image-2025-05-02-at-2.29.03-PM-768x512.jpeg 768w, https:\/\/estado29.mx\/wp-content\/uploads\/2025\/05\/WhatsApp-Image-2025-05-02-at-2.29.03-PM-750x500.jpeg 750w, https:\/\/estado29.mx\/wp-content\/uploads\/2025\/05\/WhatsApp-Image-2025-05-02-at-2.29.03-PM-1140x761.jpeg 1140w\" sizes=\"auto, (max-width: 1280px) 100vw, 1280px\" \/><\/figure>\n\n\n<p>Con el objetivo de mejorar la atenci\u00f3n ciudadana y establecer flujos de trabajo m\u00e1s eficientes, este viernes se llev\u00f3 a cabo el tercer encuentro entre titulares de \u00e1reas del Ayuntamiento de Huamantla con las y los presidentes de comunidad.<\/p>\n\n\n\n<p>La iniciativa responde a la visi\u00f3n del Presidente Municipal, Salvador Santos Cedillo, por fortalecer a las autoridades de comunidad como primera l\u00ednea de atenci\u00f3n a la poblaci\u00f3n.<\/p>\n\n\n\n<p>Durante la jornada de trabajo, \u00e1reas como Seguridad, Obras P\u00fablicas, Atenci\u00f3n a la Mujer, Protecci\u00f3n Civil, Jur\u00eddico y Administrativo, entre otras, sostuvieron mesas de di\u00e1logo directo con las y los representantes de comunidad.<\/p>\n\n\n\n<p>En estos espacios se compartieron diagn\u00f3sticos y se definieron estrategias para mejorar la coordinaci\u00f3n y agilizar la resoluci\u00f3n de problem\u00e1ticas en las colonias y comunidades.<\/p>\n\n\n\n<p>En su oportunidad, las y los presidentes de comunidad destacaron la apertura y disposici\u00f3n del Ayuntamiento, al considerar este ejercicio como un espacio de participaci\u00f3n activa.<\/p>\n\n\n\n<p>Finalmente, coincidieron en que estas acciones consolidan un gobierno incluyente que trabaja por el bienestar de sus comunidades.<\/p>\n","protected":false},"excerpt":{"rendered":"<p>Con el objetivo de mejorar la atenci\u00f3n ciudadana y establecer flujos de trabajo m\u00e1s eficientes, este viernes se llev\u00f3 a cabo el tercer encuentro entre titulares de \u00e1reas del Ayuntamiento de Huamantla con las y los presidentes de comunidad. La iniciativa responde a la visi\u00f3n del Presidente Municipal, Salvador Santos Cedillo, por fortalecer a las [&hellip;]<\/p>\n","protected":false},"author":9,"featured_media":95127,"comment_status":"open","ping_status":"open","sticky":false,"template":"","format":"standard","meta":{"om_disable_all_campaigns":false,"_monsterinsights_skip_tracking":false,"_monsterinsights_sitenote_active":false,"_monsterinsights_sitenote_note":"","_monsterinsights_sitenote_category":0,"jnews-multi-image_gallery":[],"jnews_single_post":{"format":"standard"},"jnews_primary_category":[],"footnotes":""},"categories":[1],"tags":[],"class_list":["post-95126","post","type-post","status-publish","format-standard","has-post-thumbnail","hentry","category-uncategorized"],"aioseo_notices":[],"_links":{"self":[{"href":"https:\/\/estado29.mx\/index.php?rest_route=\/wp\/v2\/posts\/95126","targetHints":{"allow":["GET"]}}],"collection":[{"href":"https:\/\/estado29.mx\/index.php?rest_route=\/wp\/v2\/posts"}],"about":[{"href":"https:\/\/estado29.mx\/index.php?rest_route=\/wp\/v2\/types\/post"}],"author":[{"embeddable":true,"href":"https:\/\/estado29.mx\/index.php?rest_route=\/wp\/v2\/users\/9"}],"replies":[{"embeddable":true,"href":"https:\/\/estado29.mx\/index.php?rest_route=%2Fwp%2Fv2%2Fcomments&post=95126"}],"version-history":[{"count":1,"href":"https:\/\/estado29.mx\/index.php?rest_route=\/wp\/v2\/posts\/95126\/revisions"}],"predecessor-version":[{"id":95128,"href":"https:\/\/estado29.mx\/index.php?rest_route=\/wp\/v2\/posts\/95126\/revisions\/95128"}],"wp:featuredmedia":[{"embeddable":true,"href":"https:\/\/estado29.mx\/index.php?rest_route=\/wp\/v2\/media\/95127"}],"wp:attachment":[{"href":"https:\/\/estado29.mx\/index.php?rest_route=%2Fwp%2Fv2%2Fmedia&parent=95126"}],"wp:term":[{"taxonomy":"category","embeddable":true,"href":"https:\/\/estado29.mx\/index.php?rest_route=%2Fwp%2Fv2%2Fcategories&post=95126"},{"taxonomy":"post_tag","embeddable":true,"href":"https:\/\/estado29.mx\/index.php?rest_route=%2Fwp%2Fv2%2Ftags&post=95126"}],"curies":[{"name":"wp","href":"https:\/\/api.w.org\/{rel}","templated":true}]}}