{"id":95129,"date":"2025-05-02T23:43:47","date_gmt":"2025-05-02T23:43:47","guid":{"rendered":"https:\/\/estado29.mx\/?p=95129"},"modified":"2025-05-02T23:43:48","modified_gmt":"2025-05-02T23:43:48","slug":"estudiantes-de-gerontologia-social-uatx-refuerzan-conocimiento-y-practica-en-festival-del-adulto-mayor-2","status":"publish","type":"post","link":"https:\/\/estado29.mx\/?p=95129","title":{"rendered":"Estudiantes de Gerontolog\u00eda Social UATx refuerzan conocimiento y pr\u00e1ctica en Festival del Adulto Mayor"},"content":{"rendered":"<figure class=\"wp-block-post-featured-image\"><img loading=\"lazy\" decoding=\"async\" width=\"1390\" height=\"936\" src=\"https:\/\/estado29.mx\/wp-content\/uploads\/2025\/05\/30-Estudiantes-de-Gerontologia-Social-UATx-refuerzan-conocimiento-y-practica-en-Festival-del-Adulto-Mayor-2.jpeg\" class=\"attachment-post-thumbnail size-post-thumbnail wp-post-image\" alt=\"\" style=\"object-fit:cover;\" srcset=\"https:\/\/estado29.mx\/wp-content\/uploads\/2025\/05\/30-Estudiantes-de-Gerontologia-Social-UATx-refuerzan-conocimiento-y-practica-en-Festival-del-Adulto-Mayor-2.jpeg 1390w, https:\/\/estado29.mx\/wp-content\/uploads\/2025\/05\/30-Estudiantes-de-Gerontologia-Social-UATx-refuerzan-conocimiento-y-practica-en-Festival-del-Adulto-Mayor-2-300x202.jpeg 300w, https:\/\/estado29.mx\/wp-content\/uploads\/2025\/05\/30-Estudiantes-de-Gerontologia-Social-UATx-refuerzan-conocimiento-y-practica-en-Festival-del-Adulto-Mayor-2-1024x690.jpeg 1024w, https:\/\/estado29.mx\/wp-content\/uploads\/2025\/05\/30-Estudiantes-de-Gerontologia-Social-UATx-refuerzan-conocimiento-y-practica-en-Festival-del-Adulto-Mayor-2-768x517.jpeg 768w, https:\/\/estado29.mx\/wp-content\/uploads\/2025\/05\/30-Estudiantes-de-Gerontologia-Social-UATx-refuerzan-conocimiento-y-practica-en-Festival-del-Adulto-Mayor-2-750x505.jpeg 750w, https:\/\/estado29.mx\/wp-content\/uploads\/2025\/05\/30-Estudiantes-de-Gerontologia-Social-UATx-refuerzan-conocimiento-y-practica-en-Festival-del-Adulto-Mayor-2-1140x768.jpeg 1140w\" sizes=\"auto, (max-width: 1390px) 100vw, 1390px\" \/><\/figure>\n\n\n<p>Estudiantes de la Licenciatura en Gerontolog\u00eda Social de la Universidad Aut\u00f3noma de Tlaxcala (UATx) participaron en el&nbsp;\ud835\udfcf\ud835\udfd1\u00b0&nbsp;\ud835\udc05\ud835\udc1e\ud835\udc2c\ud835\udc2d\ud835\udc22\ud835\udc2f\ud835\udc1a\ud835\udc25&nbsp;\ud835\udc1d\ud835\udc1e\ud835\udc25&nbsp;\ud835\udc00\ud835\udc1d\ud835\udc2e\ud835\udc25\ud835\udc2d\ud835\udc28&nbsp;\ud835\udc0c\ud835\udc1a\ud835\udc32\ud835\udc28\ud835\udc2b&nbsp;\u201cBienestar y diversi\u00f3n\u201d que tuvo lugar en la Ciudad de M\u00e9xico y fue auspiciado por la empresa Telcel.<\/p>\n\n\n\n<p>Dicho festival es un espacio \u00fanico dedicado a promover el bienestar integral de las personas mayores a trav\u00e9s de foros, actividades formativas, preventivas y recreativas. Adem\u00e1s, fomenta el di\u00e1logo intergeneracional y el intercambio de experiencias entre profesionales, estudiantes y quienes han forjado generaciones.<\/p>\n\n\n\n<p>Durante su estancia, los estudiantes de la Facultad de Ciencias para el Desarrollo Humano de la UATx&nbsp; vivieron una experiencia enriquecedora, al recorrer los distintos stands, compartir con personas adultas mayores y reafirmar su compromiso con un envejecimiento activo, digno y con sentido humano.<\/p>\n\n\n\n<p>Esta jornada, celebrada del 25 al 27 de abril, fortaleci\u00f3 su vocaci\u00f3n de servicio y su visi\u00f3n profesional orientada a la inclusi\u00f3n y el respeto por las trayectorias de vida, considerando que la Licenciatura en Gerontolog\u00eda Social considera tres premisas elementales: el envejecimiento activo y saludable, el desarrollo de capacidades y en la educaci\u00f3n del cuidado para toda la vida.<\/p>\n","protected":false},"excerpt":{"rendered":"<p>Estudiantes de la Licenciatura en Gerontolog\u00eda Social de la Universidad Aut\u00f3noma de Tlaxcala (UATx) participaron en el&nbsp;\ud835\udfcf\ud835\udfd1\u00b0&nbsp;\ud835\udc05\ud835\udc1e\ud835\udc2c\ud835\udc2d\ud835\udc22\ud835\udc2f\ud835\udc1a\ud835\udc25&nbsp;\ud835\udc1d\ud835\udc1e\ud835\udc25&nbsp;\ud835\udc00\ud835\udc1d\ud835\udc2e\ud835\udc25\ud835\udc2d\ud835\udc28&nbsp;\ud835\udc0c\ud835\udc1a\ud835\udc32\ud835\udc28\ud835\udc2b&nbsp;\u201cBienestar y diversi\u00f3n\u201d que tuvo lugar en la Ciudad de M\u00e9xico y fue auspiciado por la empresa Telcel. Dicho festival es un espacio \u00fanico dedicado a promover el bienestar integral de las personas mayores a trav\u00e9s de foros, actividades [&hellip;]<\/p>\n","protected":false},"author":9,"featured_media":95130,"comment_status":"open","ping_status":"open","sticky":false,"template":"","format":"standard","meta":{"om_disable_all_campaigns":false,"_monsterinsights_skip_tracking":false,"_monsterinsights_sitenote_active":false,"_monsterinsights_sitenote_note":"","_monsterinsights_sitenote_category":0,"jnews-multi-image_gallery":[],"jnews_single_post":{"format":"standard"},"jnews_primary_category":[],"footnotes":""},"categories":[1],"tags":[],"class_list":["post-95129","post","type-post","status-publish","format-standard","has-post-thumbnail","hentry","category-uncategorized"],"aioseo_notices":[],"_links":{"self":[{"href":"https:\/\/estado29.mx\/index.php?rest_route=\/wp\/v2\/posts\/95129","targetHints":{"allow":["GET"]}}],"collection":[{"href":"https:\/\/estado29.mx\/index.php?rest_route=\/wp\/v2\/posts"}],"about":[{"href":"https:\/\/estado29.mx\/index.php?rest_route=\/wp\/v2\/types\/post"}],"author":[{"embeddable":true,"href":"https:\/\/estado29.mx\/index.php?rest_route=\/wp\/v2\/users\/9"}],"replies":[{"embeddable":true,"href":"https:\/\/estado29.mx\/index.php?rest_route=%2Fwp%2Fv2%2Fcomments&post=95129"}],"version-history":[{"count":1,"href":"https:\/\/estado29.mx\/index.php?rest_route=\/wp\/v2\/posts\/95129\/revisions"}],"predecessor-version":[{"id":95131,"href":"https:\/\/estado29.mx\/index.php?rest_route=\/wp\/v2\/posts\/95129\/revisions\/95131"}],"wp:featuredmedia":[{"embeddable":true,"href":"https:\/\/estado29.mx\/index.php?rest_route=\/wp\/v2\/media\/95130"}],"wp:attachment":[{"href":"https:\/\/estado29.mx\/index.php?rest_route=%2Fwp%2Fv2%2Fmedia&parent=95129"}],"wp:term":[{"taxonomy":"category","embeddable":true,"href":"https:\/\/estado29.mx\/index.php?rest_route=%2Fwp%2Fv2%2Fcategories&post=95129"},{"taxonomy":"post_tag","embeddable":true,"href":"https:\/\/estado29.mx\/index.php?rest_route=%2Fwp%2Fv2%2Ftags&post=95129"}],"curies":[{"name":"wp","href":"https:\/\/api.w.org\/{rel}","templated":true}]}}