{"id":95132,"date":"2025-05-02T23:49:28","date_gmt":"2025-05-02T23:49:28","guid":{"rendered":"https:\/\/estado29.mx\/?p=95132"},"modified":"2025-05-02T23:49:28","modified_gmt":"2025-05-02T23:49:28","slug":"presenta-rector-modelo-educativo-de-la-uatx-en-la-ucsm-de-arequipa-peru-2","status":"publish","type":"post","link":"https:\/\/estado29.mx\/?p=95132","title":{"rendered":"Presenta Rector modelo educativo de la UATx en la UCSM de Arequipa, Per\u00fa"},"content":{"rendered":"<figure class=\"wp-block-post-featured-image\"><img loading=\"lazy\" decoding=\"async\" width=\"1080\" height=\"688\" src=\"https:\/\/estado29.mx\/wp-content\/uploads\/2025\/05\/WhatsApp-Image-2025-05-02-at-5.48.50-PM.jpeg\" class=\"attachment-post-thumbnail size-post-thumbnail wp-post-image\" alt=\"\" style=\"object-fit:cover;\" srcset=\"https:\/\/estado29.mx\/wp-content\/uploads\/2025\/05\/WhatsApp-Image-2025-05-02-at-5.48.50-PM.jpeg 1080w, https:\/\/estado29.mx\/wp-content\/uploads\/2025\/05\/WhatsApp-Image-2025-05-02-at-5.48.50-PM-300x191.jpeg 300w, https:\/\/estado29.mx\/wp-content\/uploads\/2025\/05\/WhatsApp-Image-2025-05-02-at-5.48.50-PM-1024x652.jpeg 1024w, https:\/\/estado29.mx\/wp-content\/uploads\/2025\/05\/WhatsApp-Image-2025-05-02-at-5.48.50-PM-768x489.jpeg 768w, https:\/\/estado29.mx\/wp-content\/uploads\/2025\/05\/WhatsApp-Image-2025-05-02-at-5.48.50-PM-750x478.jpeg 750w\" sizes=\"auto, (max-width: 1080px) 100vw, 1080px\" \/><\/figure>\n\n\n<p>\u00fc&nbsp;&nbsp;El MHIC es visto como una propuesta que fortalece la educaci\u00f3n superior en Latinoam\u00e9rica<\/p>\n\n\n\n<p>El Doctor Seraf\u00edn Ortiz Ortiz, Rector de la UATx, present\u00f3 en el Aula Magna de la Torre Santa Mar\u00eda de la Universidad Cat\u00f3lica de Santa Mar\u00eda (UCSM) de Arequipa, Per\u00fa, el Modelo Humanista Integrador Basado en Capacidades (MHIC) que impulsa una formaci\u00f3n integral, con enfoque humanista, innovador y un alto compromiso social, implementado de forma exitosa en esta Casa de Estudios desde hace dos d\u00e9cadas, y que fue considera en la UCSM como una valiosa propuesta para fortalecer la educaci\u00f3n superior en Am\u00e9rica Latina.<\/p>\n\n\n\n<p>Por invitaci\u00f3n del Doctor Jorge Luis C\u00e1ceres Arce, Rector de la UCSM, el Doctor Seraf\u00edn Ortiz sostuvo un fruct\u00edfero di\u00e1logo con integrantes del cuerpo directivo de esta Instituci\u00f3n, con quienes comparti\u00f3 los fundamentos y la ruta que ha trazado la Aut\u00f3noma de Tlaxcala en la implementaci\u00f3n del MHIC y tambi\u00e9n expuso los criterios de la excelencia educativa.<\/p>\n\n\n\n<p>Habl\u00f3 de los tres ejes del MHIC: el humanismo como base filos\u00f3fica, la integraci\u00f3n de saberes y el desarrollo de capacidades, lo que conlleva un proceso de transformaci\u00f3n del educando para trazar una ruta de vida que lo conduzca a realizarse profesionalmente, debido a que a su paso por la universidad recibe una preparaci\u00f3n formativa y performativa que le permite adquirir elementos que lo hacen diferente para desarrollar las diez caracter\u00edsticas del&nbsp;<em>homo&nbsp; universitatis<\/em>.<\/p>\n\n\n\n<p>Recalc\u00f3 que hoy en d\u00eda el gobierno federal ha impulsado la creaci\u00f3n del Sistema de Evaluaci\u00f3n y Acreditaci\u00f3n de la Educaci\u00f3n Superior que tiende a la excelencia educativa en el pa\u00eds, el cual opera bajo los criterios de la innovaci\u00f3n, excelencia e interculturalidad, por ello, subray\u00f3 que la excelencia educativa es sin\u00f3nimo de optimizaci\u00f3n de saberes, de la academia y de resultados, aspectos que contribuyen a la formaci\u00f3n integradora que reciben los educandos en las aulas basada en saberes y la pr\u00e1ctica, lo que encamina a una preparaci\u00f3n universal.<\/p>\n\n\n\n<p>El Doctor Ortiz puntualiz\u00f3 que en la Aut\u00f3noma de Tlaxcala el Seminario de Praxis Profesional es un elemento vital del MHIC porque cruza los nueve semestres de los 46 programas educativos de licenciatura y, a trav\u00e9s de \u00e9l, se logra la funci\u00f3n integradora de saberes y su pr\u00e1ctica mediante la vinculaci\u00f3n con la problem\u00e1tica y las necesidades de la sociedad en general y en los diversos sectores productivos.<\/p>\n\n\n\n<p>Asegur\u00f3 que en la Aut\u00f3noma de Tlaxcala se trabaja en un esquema para alcanzar la excelencia educativa desde el marco de los principios constitucionales tales como obligatoriedad, equidad, inclusi\u00f3n y excelencia, lo cual se complementa con la capacidad acad\u00e9mica y de saberes, para asegurar la permanencia y la conclusi\u00f3n de la formaci\u00f3n profesional de los estudiantes.<\/p>\n\n\n\n<p>En este sentido, el Doctor Jos\u00e9 Villanueva Salas, Vicerrector de la UCSM, agradeci\u00f3 la visita del Doctor Seraf\u00edn Ortiz y sus aportaciones porque consideran que el modelo educativo de la Aut\u00f3noma de Tlaxcala es una valiosa propuesta para fortalecer la educaci\u00f3n superior en Am\u00e9rica Latina.<\/p>\n","protected":false},"excerpt":{"rendered":"<p>\u00fc&nbsp;&nbsp;El MHIC es visto como una propuesta que fortalece la educaci\u00f3n superior en Latinoam\u00e9rica El Doctor Seraf\u00edn Ortiz Ortiz, Rector de la UATx, present\u00f3 en el Aula Magna de la Torre Santa Mar\u00eda de la Universidad Cat\u00f3lica de Santa Mar\u00eda (UCSM) de Arequipa, Per\u00fa, el Modelo Humanista Integrador Basado en Capacidades (MHIC) que impulsa una [&hellip;]<\/p>\n","protected":false},"author":9,"featured_media":95134,"comment_status":"open","ping_status":"open","sticky":false,"template":"","format":"standard","meta":{"om_disable_all_campaigns":false,"_monsterinsights_skip_tracking":false,"_monsterinsights_sitenote_active":false,"_monsterinsights_sitenote_note":"","_monsterinsights_sitenote_category":0,"jnews-multi-image_gallery":[],"jnews_single_post":{"format":"standard"},"jnews_primary_category":[],"footnotes":""},"categories":[1],"tags":[],"class_list":["post-95132","post","type-post","status-publish","format-standard","has-post-thumbnail","hentry","category-uncategorized"],"aioseo_notices":[],"_links":{"self":[{"href":"https:\/\/estado29.mx\/index.php?rest_route=\/wp\/v2\/posts\/95132","targetHints":{"allow":["GET"]}}],"collection":[{"href":"https:\/\/estado29.mx\/index.php?rest_route=\/wp\/v2\/posts"}],"about":[{"href":"https:\/\/estado29.mx\/index.php?rest_route=\/wp\/v2\/types\/post"}],"author":[{"embeddable":true,"href":"https:\/\/estado29.mx\/index.php?rest_route=\/wp\/v2\/users\/9"}],"replies":[{"embeddable":true,"href":"https:\/\/estado29.mx\/index.php?rest_route=%2Fwp%2Fv2%2Fcomments&post=95132"}],"version-history":[{"count":1,"href":"https:\/\/estado29.mx\/index.php?rest_route=\/wp\/v2\/posts\/95132\/revisions"}],"predecessor-version":[{"id":95135,"href":"https:\/\/estado29.mx\/index.php?rest_route=\/wp\/v2\/posts\/95132\/revisions\/95135"}],"wp:featuredmedia":[{"embeddable":true,"href":"https:\/\/estado29.mx\/index.php?rest_route=\/wp\/v2\/media\/95134"}],"wp:attachment":[{"href":"https:\/\/estado29.mx\/index.php?rest_route=%2Fwp%2Fv2%2Fmedia&parent=95132"}],"wp:term":[{"taxonomy":"category","embeddable":true,"href":"https:\/\/estado29.mx\/index.php?rest_route=%2Fwp%2Fv2%2Fcategories&post=95132"},{"taxonomy":"post_tag","embeddable":true,"href":"https:\/\/estado29.mx\/index.php?rest_route=%2Fwp%2Fv2%2Ftags&post=95132"}],"curies":[{"name":"wp","href":"https:\/\/api.w.org\/{rel}","templated":true}]}}