{"id":95150,"date":"2025-05-04T17:55:50","date_gmt":"2025-05-04T17:55:50","guid":{"rendered":"https:\/\/estado29.mx\/?p=95150"},"modified":"2025-06-13T02:15:49","modified_gmt":"2025-06-13T02:15:49","slug":"detienen-en-flagrancia-a-tres-hombres-por-robo-a-tractocamion-y-posesion-de-arma-en-cuapiaxtla","status":"publish","type":"post","link":"https:\/\/estado29.mx\/?p=95150","title":{"rendered":"Detienen en flagrancia a tres hombres por robo a tractocami\u00f3n y posesi\u00f3n de arma en Cuapiaxtla"},"content":{"rendered":"\n<p>Gracias a una llamada oportuna al 9-1-1 y al trabajo coordinado de la Polic\u00eda Municipal y Secretar\u00eda de Seguridad Ciudadana, se detuvo a tres hombres se\u00f1alados por los delitos de robo a transporte de carga y posesi\u00f3n ilegal de un arma de fuego en el municipio de Cuapiaxtla.<\/p>\n\n\n\n<p>Durante la noche de ayer, un reporte alert\u00f3 sobre unos masculinos que abordaron con violencia un tr\u00e1iler sobre la carretera federal M\u00e9xico-Veracruz, en l\u00edmites de Tequexquitla y Cuapiaxtla. De inmediato, el C5i Tlaxcala moviliz\u00f3 a los servicios de seguridad y, mediante c\u00e1maras de videovigilancia, identificaron y dieron seguimiento al tr\u00e1iler robado.<\/p>\n\n\n\n<p>Tras el trabajo interinstitucional, las autoridades policiacas detuvieron en flagrancia a Felipe N., Emmanuel N. y Aldo N., todos originarios de Tequexquitla. Adem\u00e1s, recuperaron un tr\u00e1iler robado y aseguraron un arma de fuego con un cargador y seis cartuchos \u00fatiles.<\/p>\n\n\n\n<p>Este \u00e9xito se suma al logrado el d\u00eda viernes por la noche, cuando elementos policiacos municipales y de la Secretar\u00eda de Seguridad Ciudadana frustraron el robo violento de un tractocami\u00f3n en Xaltocan, gracias al seguimiento del C5i y una denuncia al 911.<\/p>\n\n\n\n<p>La colaboraci\u00f3n entre la ciudadan\u00eda y las autoridades es fundamental para inhibir los robos y mantener la seguridad en la regi\u00f3n.<\/p>\n","protected":false},"excerpt":{"rendered":"<p>Gracias a una llamada oportuna al 9-1-1 y al trabajo coordinado de la Polic\u00eda Municipal y Secretar\u00eda de Seguridad Ciudadana, se detuvo a tres hombres se\u00f1alados por los delitos de robo a transporte de carga y posesi\u00f3n ilegal de un arma de fuego en el municipio de Cuapiaxtla. Durante la noche de ayer, un reporte [&hellip;]<\/p>\n","protected":false},"author":5,"featured_media":95151,"comment_status":"open","ping_status":"open","sticky":false,"template":"","format":"standard","meta":{"om_disable_all_campaigns":false,"_monsterinsights_skip_tracking":false,"_monsterinsights_sitenote_active":false,"_monsterinsights_sitenote_note":"","_monsterinsights_sitenote_category":0,"jnews-multi-image_gallery":[],"jnews_single_post":{"format":"standard"},"jnews_primary_category":[],"footnotes":""},"categories":[1],"tags":[],"class_list":["post-95150","post","type-post","status-publish","format-standard","has-post-thumbnail","hentry","category-uncategorized"],"aioseo_notices":[],"_links":{"self":[{"href":"https:\/\/estado29.mx\/index.php?rest_route=\/wp\/v2\/posts\/95150","targetHints":{"allow":["GET"]}}],"collection":[{"href":"https:\/\/estado29.mx\/index.php?rest_route=\/wp\/v2\/posts"}],"about":[{"href":"https:\/\/estado29.mx\/index.php?rest_route=\/wp\/v2\/types\/post"}],"author":[{"embeddable":true,"href":"https:\/\/estado29.mx\/index.php?rest_route=\/wp\/v2\/users\/5"}],"replies":[{"embeddable":true,"href":"https:\/\/estado29.mx\/index.php?rest_route=%2Fwp%2Fv2%2Fcomments&post=95150"}],"version-history":[{"count":1,"href":"https:\/\/estado29.mx\/index.php?rest_route=\/wp\/v2\/posts\/95150\/revisions"}],"predecessor-version":[{"id":95152,"href":"https:\/\/estado29.mx\/index.php?rest_route=\/wp\/v2\/posts\/95150\/revisions\/95152"}],"wp:featuredmedia":[{"embeddable":true,"href":"https:\/\/estado29.mx\/index.php?rest_route=\/wp\/v2\/media\/95151"}],"wp:attachment":[{"href":"https:\/\/estado29.mx\/index.php?rest_route=%2Fwp%2Fv2%2Fmedia&parent=95150"}],"wp:term":[{"taxonomy":"category","embeddable":true,"href":"https:\/\/estado29.mx\/index.php?rest_route=%2Fwp%2Fv2%2Fcategories&post=95150"},{"taxonomy":"post_tag","embeddable":true,"href":"https:\/\/estado29.mx\/index.php?rest_route=%2Fwp%2Fv2%2Ftags&post=95150"}],"curies":[{"name":"wp","href":"https:\/\/api.w.org\/{rel}","templated":true}]}}